{"id":90,"date":"2017-04-10T00:00:00","date_gmt":"2017-04-10T00:00:00","guid":{"rendered":"http:\/\/maquinamotors.teradisk.net\/blog\/preparate-para-el-isde-2017-con-ktm-y-maquina-motors\/"},"modified":"2025-11-26T12:46:40","modified_gmt":"2025-11-26T12:46:40","slug":"preparate-para-el-isde-2017-con-ktm-y-maquina-motors","status":"publish","type":"post","link":"https:\/\/maquinamotors.com\/blog\/preparate-para-el-isde-2017-con-ktm-y-maquina-motors\/","title":{"rendered":"Prep\u00e1rate para el ISDE 2017 con KTM y Maquina Motors"},"content":{"rendered":"<p><img decoding=\"async\" title=\"Motos enduro presentaci\u00f3n ISDE 2017 SIX DAYS Ktm \" src=\"{{media url=\"wysiwyg\/Prepando-la-temporada-para-el-ISDE-2017-con-KTM-y-Maquina-Motors-a-los-SIX-DAYS.jpg\"}}\" alt=\"Motos enduro presentaci\u00f3n ISDE 2017 SIX DAYS Ktm \" \/><\/p>\n<p><span style=\"font-size: medium; font-family: verdana, geneva;\">Desde Maquina Motors y KTM te informamos de que ya est\u00e1n abiertas las inscripciones para participar este a\u00f1o en el International Six Days Enduro (ISDE) 2017 que se celebrar\u00e1 <strong>del 28 de Agosto al 2 de Septiembre 2017 en Brive, Francia<\/strong>. Uno de los eventos m\u00e1s importantes del a\u00f1o para los amantes del la moto enduro.<\/span><\/p>\n<p><strong><span style=\"font-size: medium; font-family: verdana, geneva;\"><br \/><\/span><\/strong><\/p>\n<p><strong><span style=\"font-size: medium; font-family: verdana, geneva;\">PROGRAMA DE ALQUILER DE MOTOS KTM<\/span><\/strong><\/p>\n<p><span style=\"font-family: verdana, geneva; font-size: medium;\">KTM pone a disposici\u00f3n de todos sus seguidores el programa de alquiler de motocicletas KTM Six Days con la disponibilidad de los <strong>siguientes modelos:<\/strong><\/span><\/p>\n<p><span style=\"font-size: medium; font-family: verdana, geneva;\">&#8211; 2 Tiempos: 250 EXC, 300 EXC &#8211; <strong>Precio: 2.690\u20ac+IVA<\/strong><\/span><\/p>\n<p><span style=\"font-size: medium; font-family: verdana, geneva;\">&#8211; 4 Tiempos: 250 EXC-F, 350 EXC, 450 EXC, 500 EXC &#8211; <strong>Precio: 2.990\u20ac+IVA<\/strong><\/span><\/p>\n<p><span style=\"font-family: verdana, geneva; font-size: medium;\">El precio del alquiler incluye:<br \/><\/span><span style=\"font-family: verdana, geneva; font-size: medium;\">&#8211; Moto KTM de enduro para los Six Days 2017.<br \/><\/span><span style=\"font-family: verdana, geneva; font-size: medium;\">&#8211; Costes de transporte hasta Brive, Francia.<br \/><\/span><span style=\"font-family: verdana, geneva; font-size: medium;\">&#8211; Matriculaci\u00f3n y seguro de la moto para el evento.<\/span><\/p>\n<p><strong><span style=\"font-size: medium; font-family: verdana, geneva;\">Importante: ser\u00e1 necesario dejar un dep\u00f3sito de seguridad a la compa\u00f1\u00eda que alquila las motocicletas, por favor, no olvides llevar tu pasaporte, carnet de conducir y tarjeta de cr\u00e9dito.<\/span><\/strong><\/p>\n<p><span style=\"font-size: medium; font-family: verdana, geneva;\">La fecha l\u00edmite para solicitar la moto de alquiler es el <strong>30 de junio de 2017.\u00a0<\/strong><\/span><span style=\"font-family: verdana, geneva; font-size: medium;\">El n\u00famero de motocicletas es limitado y los pedidos se tramitar\u00e1n por orden de recepci\u00f3n.\u00a0<\/span><\/p>\n<p><span style=\"font-family: verdana, geneva; font-size: medium;\"><br \/><\/span><\/p>\n<p><strong style=\"font-family: verdana, geneva; font-size: medium;\">SERVICIO DE ASISTENCIA EN SIX DAYS KTM<\/strong><\/p>\n<p><span style=\"font-family: verdana, geneva; font-size: medium;\">Adem\u00e1s, tambi\u00e9n tendremos disponible para contrataci\u00f3n del <strong>KTM Race Service<\/strong>\u00a0de la marca que participen en los Six Days. El precio de este servicio es de <strong>1.350\u20ac+IVA<\/strong> con gasolina incluida.<\/span><\/p>\n<p><span style=\"font-family: verdana, geneva; font-size: medium;\">Contenido:<\/span><\/p>\n<p><span style=\"font-family: verdana, geneva; font-size: medium;\">&#8211; Acceso a las carpas de asistencia KTM.<\/span><br \/><span style=\"font-family: verdana, geneva; font-size: medium;\">&#8211; Instrucciones t\u00e9cnicas para los pilotos KTM.<\/span><br \/><span style=\"font-family: verdana, geneva; font-size: medium;\">&#8211; Asistencia t\u00e9cnica durante todo el evento, tanto como permita el reglamento de la FIM.<\/span><br \/><span style=\"font-family: verdana, geneva; font-size: medium;\">&#8211; Uso de herramientas.<\/span><br \/><span style=\"font-family: verdana, geneva; font-size: medium;\">&#8211; Aceites Motorex y l\u00edquidos para la asistencia (Aceite de motor, refrigerante, spray de\u00a0<\/span><span style=\"font-family: verdana, geneva; font-size: medium;\">cadena&#8230;).<\/span><br \/><span style=\"font-family: verdana, geneva; font-size: medium;\">&#8211; Gasolina para los d\u00edas de carrera.<\/span><br \/><span style=\"font-family: verdana, geneva; font-size: medium;\">&#8211; Informaci\u00f3n diaria de actualizaciones e informaci\u00f3n de carrera.<\/span><br \/><span style=\"font-family: verdana, geneva; font-size: medium;\">&#8211; Soporte de un t\u00e9cnico de suspensiones WP.<\/span><br \/><span style=\"font-family: verdana, geneva; font-size: medium;\">&#8211; Almacenamiento en cajas de guantes, gafas, neum\u00e1ticos*&#8230;<\/span><br \/><span style=\"font-family: verdana, geneva; font-size: medium;\">&#8211; Recambios de emergencia en los puntos de asistencia (Recambios, Herramientas,\u00a0<\/span><span style=\"font-family: verdana, geneva; font-size: medium;\">l\u00edquidos, gasolina, bebidas, snacks, fruta&#8230;)<\/span><br \/><span style=\"font-family: verdana, geneva; font-size: medium;\">&#8211; Servicio de recambios (el precio de los recambios no est\u00e1 incluido)<\/span><br \/><span style=\"font-family: verdana, geneva; font-size: medium;\">&#8211; Catering (Bebidas, Snacks, Frutas&#8230;).<\/span><br \/><span style=\"font-family: verdana, geneva; font-size: medium;\">&#8211; Primera revisi\u00f3n despu\u00e9s de la puesta en marcha.<\/span><br \/><span style=\"font-family: verdana, geneva; font-size: medium;\">&#8211; Un filtro de aire cada d\u00eda de carrera para cada corredor (6 filtros de aire en total).<\/span><br \/><span style=\"font-family: verdana, geneva; font-size: medium;\">&#8211; Deslimitaci\u00f3n de la moto si es necesario.<\/span><\/p>\n<p><strong><span style=\"font-size: medium; font-family: verdana, geneva;\"><br \/><\/span><\/strong><\/p>\n<p><strong><span style=\"font-size: medium; font-family: verdana, geneva;\">Para realizar tu reserva o obtener informaci\u00f3n m\u00e1s detallada no dudes en ponerte en contacto con tu concesionario Maquina Motors &#8211; KTM de <span style=\"color: #000080;\"><a title=\"Maquina Motors Manresa\" href=\"http:\/\/maquinamotors.com\/nuestras-tiendas\/manresa\/maquina-motors-manresa-concesionario-motos-ktm-kawasaki-suzuki-motos-ocasion\/\" target=\"_blank\" rel=\"noopener noreferrer\"><span style=\"color: #000080;\">Manresa<\/span><\/a><\/span> o <span style=\"color: #000080;\"><a title=\"Maquina Motors Mollet\" href=\"http:\/\/maquinamotors.com\/nuestras-tiendas\/valles\/maquina-motors-mollet-concesionario-motos-kawasaki-ktm-suzuki-motos-ocasion\/\" target=\"_blank\" rel=\"noopener noreferrer\"><span style=\"color: #000080;\">Mollet<\/span><\/a><\/span>.<\/span><\/strong><\/p>\n<p>\u00a0<\/p>\n<p style=\"text-align: center;\"><span style=\"font-size: x-large;\"><strong>PARA M\u00c1S INFORMACI\u00d3N CONTACTANOS O <br \/>SIGUENOS EN NUESTROS PERFILES DE FACEBOOK:<br \/><\/strong><\/span><\/p>\n<p style=\"text-align: center;\"><span style=\"font-size: x-large; color: #000080;\"><strong><span style=\"font-family: verdana, geneva;\"><a href=\"facebook.com\/KTMmaquinamortors\"><span style=\"color: #000080;\">KTM &#8211; MAQUINA MOTORS<br \/><\/span><\/a><a href=\"https:\/\/www.facebook.com\/maquinamotors\"><span style=\"color: #000080;\">MAQUINA MOTORS<\/span><\/a><\/span><\/strong><\/span><\/p>\n","protected":false},"excerpt":{"rendered":"<p>Desde Maquina Motors y KTM te informamos de que ya est\u00e1n abiertas las inscripciones para participar este a\u00f1o en el International Six Days Enduro (ISDE) 2017 que se celebrar\u00e1 del 28 de Agosto al 2 de Septiembre 2017 en Brive, Francia. Uno de los eventos m\u00e1s importantes del a\u00f1o para los amantes del la moto &hellip; <a href=\"https:\/\/maquinamotors.com\/blog\/preparate-para-el-isde-2017-con-ktm-y-maquina-motors\/\" class=\"more-link\">Continuar leyendo<span class=\"screen-reader-text\"> \u00abPrep\u00e1rate para el ISDE 2017 con KTM y Maquina Motors\u00bb<\/span><\/a><\/p>\n","protected":false},"author":3,"featured_media":217,"comment_status":"open","ping_status":"open","sticky":false,"template":"","format":"standard","meta":{"footnotes":""},"categories":[508],"tags":[641,553,530,569],"class_list":["post-90","post","type-post","status-publish","format-standard","has-post-thumbnail","hentry","category-eventos","tag-competicion","tag-enduro","tag-ktm","tag-off-road"],"yoast_head":"<!-- This site is optimized with the Yoast SEO plugin v19.2 - https:\/\/yoast.com\/wordpress\/plugins\/seo\/ -->\n<title>Prep\u00e1rate para el ISDE 2017 con KTM y Maquina Motors - Maquina Motors<\/title>\n<meta name=\"robots\" content=\"index, follow, max-snippet:-1, max-image-preview:large, max-video-preview:-1\" \/>\n<link rel=\"canonical\" href=\"https:\/\/maquinamotors.com\/blog\/preparate-para-el-isde-2017-con-ktm-y-maquina-motors\/\" \/>\n<meta property=\"og:locale\" content=\"es_ES\" \/>\n<meta property=\"og:type\" content=\"article\" \/>\n<meta property=\"og:title\" content=\"Prep\u00e1rate para el ISDE 2017 con KTM y Maquina Motors - Maquina Motors\" \/>\n<meta property=\"og:description\" content=\"Desde Maquina Motors y KTM te informamos de que ya est\u00e1n abiertas las inscripciones para participar este a\u00f1o en el International Six Days Enduro (ISDE) 2017 que se celebrar\u00e1 del 28 de Agosto al 2 de Septiembre 2017 en Brive, Francia. Uno de los eventos m\u00e1s importantes del a\u00f1o para los amantes del la moto &hellip; Continuar leyendo &quot;Prep\u00e1rate para el ISDE 2017 con KTM y Maquina Motors&quot;\" \/>\n<meta property=\"og:url\" content=\"https:\/\/maquinamotors.com\/blog\/preparate-para-el-isde-2017-con-ktm-y-maquina-motors\/\" \/>\n<meta property=\"og:site_name\" content=\"Maquina Motors\" \/>\n<meta property=\"article:published_time\" content=\"2017-04-10T00:00:00+00:00\" \/>\n<meta property=\"article:modified_time\" content=\"2025-11-26T12:46:40+00:00\" \/>\n<meta property=\"og:image\" content=\"https:\/\/maquinamotors.com\/blog\/wp-content\/uploads\/..\/..\/..\/pub\/media\/wysiwyg\/Prepando-la-temporada-para-el-ISDE-2017-con-KTM-y-Maquina-Motors-a-los-SIX-DAYS.jpg\" \/>\n\t<meta property=\"og:image:width\" content=\"1000\" \/>\n\t<meta property=\"og:image:height\" content=\"393\" \/>\n\t<meta property=\"og:image:type\" content=\"image\/jpeg\" \/>\n<meta name=\"author\" content=\"Judith\" \/>\n<meta name=\"twitter:card\" content=\"summary_large_image\" \/>\n<meta name=\"twitter:label1\" content=\"Escrito por\" \/>\n\t<meta name=\"twitter:data1\" content=\"Judith\" \/>\n\t<meta name=\"twitter:label2\" content=\"Tiempo de lectura\" \/>\n\t<meta name=\"twitter:data2\" content=\"2 minutos\" \/>\n<script type=\"application\/ld+json\" class=\"yoast-schema-graph\">{\"@context\":\"https:\/\/schema.org\",\"@graph\":[{\"@type\":\"WebSite\",\"@id\":\"https:\/\/maquinamotors.com\/blog\/#website\",\"url\":\"https:\/\/maquinamotors.com\/blog\/\",\"name\":\"Maquina Motors\",\"description\":\"Pasi\u00f3n por las motos desde 1978\",\"potentialAction\":[{\"@type\":\"SearchAction\",\"target\":{\"@type\":\"EntryPoint\",\"urlTemplate\":\"https:\/\/maquinamotors.com\/blog\/?s={search_term_string}\"},\"query-input\":\"required name=search_term_string\"}],\"inLanguage\":\"es\"},{\"@type\":\"ImageObject\",\"inLanguage\":\"es\",\"@id\":\"https:\/\/maquinamotors.com\/blog\/preparate-para-el-isde-2017-con-ktm-y-maquina-motors\/#primaryimage\",\"url\":\"https:\/\/maquinamotors.com\/blog\/wp-content\/uploads\/..\/..\/..\/pub\/media\/wysiwyg\/Prepando-la-temporada-para-el-ISDE-2017-con-KTM-y-Maquina-Motors-a-los-SIX-DAYS.jpg\",\"contentUrl\":\"https:\/\/maquinamotors.com\/blog\/wp-content\/uploads\/..\/..\/..\/pub\/media\/wysiwyg\/Prepando-la-temporada-para-el-ISDE-2017-con-KTM-y-Maquina-Motors-a-los-SIX-DAYS.jpg\",\"width\":1000,\"height\":393},{\"@type\":\"WebPage\",\"@id\":\"https:\/\/maquinamotors.com\/blog\/preparate-para-el-isde-2017-con-ktm-y-maquina-motors\/#webpage\",\"url\":\"https:\/\/maquinamotors.com\/blog\/preparate-para-el-isde-2017-con-ktm-y-maquina-motors\/\",\"name\":\"Prep\u00e1rate para el ISDE 2017 con KTM y Maquina Motors - Maquina Motors\",\"isPartOf\":{\"@id\":\"https:\/\/maquinamotors.com\/blog\/#website\"},\"primaryImageOfPage\":{\"@id\":\"https:\/\/maquinamotors.com\/blog\/preparate-para-el-isde-2017-con-ktm-y-maquina-motors\/#primaryimage\"},\"datePublished\":\"2017-04-10T00:00:00+00:00\",\"dateModified\":\"2025-11-26T12:46:40+00:00\",\"author\":{\"@id\":\"https:\/\/maquinamotors.com\/blog\/#\/schema\/person\/89eed1f278ed42f1d95ea5e539ef5a5d\"},\"breadcrumb\":{\"@id\":\"https:\/\/maquinamotors.com\/blog\/preparate-para-el-isde-2017-con-ktm-y-maquina-motors\/#breadcrumb\"},\"inLanguage\":\"es\",\"potentialAction\":[{\"@type\":\"ReadAction\",\"target\":[\"https:\/\/maquinamotors.com\/blog\/preparate-para-el-isde-2017-con-ktm-y-maquina-motors\/\"]}]},{\"@type\":\"BreadcrumbList\",\"@id\":\"https:\/\/maquinamotors.com\/blog\/preparate-para-el-isde-2017-con-ktm-y-maquina-motors\/#breadcrumb\",\"itemListElement\":[{\"@type\":\"ListItem\",\"position\":1,\"name\":\"Home\",\"item\":\"https:\/\/maquinamotors.com\/blog\/\"},{\"@type\":\"ListItem\",\"position\":2,\"name\":\"Prep\u00e1rate para el ISDE 2017 con KTM y Maquina Motors\"}]},{\"@type\":\"Person\",\"@id\":\"https:\/\/maquinamotors.com\/blog\/#\/schema\/person\/89eed1f278ed42f1d95ea5e539ef5a5d\",\"name\":\"Judith\",\"image\":{\"@type\":\"ImageObject\",\"inLanguage\":\"es\",\"@id\":\"https:\/\/maquinamotors.com\/blog\/#\/schema\/person\/image\/\",\"url\":\"https:\/\/secure.gravatar.com\/avatar\/d62088ee4e4c8e7f0734f1e70085b2889a91b0f85d2b20645e2dc287c7fd0039?s=96&d=mm&r=g\",\"contentUrl\":\"https:\/\/secure.gravatar.com\/avatar\/d62088ee4e4c8e7f0734f1e70085b2889a91b0f85d2b20645e2dc287c7fd0039?s=96&d=mm&r=g\",\"caption\":\"Judith\"},\"description\":\"Amante de las motos desde peque\u00f1a. Entre rutas, charlas con otros moteros y motores que suenan bien, siempre hay algo nuevo que aprender\u00a0y\u00a0compartir.\",\"url\":\"https:\/\/maquinamotors.com\/blog\/author\/judith\/\"}]}<\/script>\n<!-- \/ Yoast SEO plugin. -->","yoast_head_json":{"title":"Prep\u00e1rate para el ISDE 2017 con KTM y Maquina Motors - Maquina Motors","robots":{"index":"index","follow":"follow","max-snippet":"max-snippet:-1","max-image-preview":"max-image-preview:large","max-video-preview":"max-video-preview:-1"},"canonical":"https:\/\/maquinamotors.com\/blog\/preparate-para-el-isde-2017-con-ktm-y-maquina-motors\/","og_locale":"es_ES","og_type":"article","og_title":"Prep\u00e1rate para el ISDE 2017 con KTM y Maquina Motors - Maquina Motors","og_description":"Desde Maquina Motors y KTM te informamos de que ya est\u00e1n abiertas las inscripciones para participar este a\u00f1o en el International Six Days Enduro (ISDE) 2017 que se celebrar\u00e1 del 28 de Agosto al 2 de Septiembre 2017 en Brive, Francia. Uno de los eventos m\u00e1s importantes del a\u00f1o para los amantes del la moto &hellip; Continuar leyendo \"Prep\u00e1rate para el ISDE 2017 con KTM y Maquina Motors\"","og_url":"https:\/\/maquinamotors.com\/blog\/preparate-para-el-isde-2017-con-ktm-y-maquina-motors\/","og_site_name":"Maquina Motors","article_published_time":"2017-04-10T00:00:00+00:00","article_modified_time":"2025-11-26T12:46:40+00:00","og_image":[{"width":1000,"height":393,"url":"https:\/\/maquinamotors.com\/blog\/wp-content\/uploads\/..\/..\/..\/pub\/media\/wysiwyg\/Prepando-la-temporada-para-el-ISDE-2017-con-KTM-y-Maquina-Motors-a-los-SIX-DAYS.jpg","type":"image\/jpeg"}],"author":"Judith","twitter_card":"summary_large_image","twitter_misc":{"Escrito por":"Judith","Tiempo de lectura":"2 minutos"},"schema":{"@context":"https:\/\/schema.org","@graph":[{"@type":"WebSite","@id":"https:\/\/maquinamotors.com\/blog\/#website","url":"https:\/\/maquinamotors.com\/blog\/","name":"Maquina Motors","description":"Pasi\u00f3n por las motos desde 1978","potentialAction":[{"@type":"SearchAction","target":{"@type":"EntryPoint","urlTemplate":"https:\/\/maquinamotors.com\/blog\/?s={search_term_string}"},"query-input":"required name=search_term_string"}],"inLanguage":"es"},{"@type":"ImageObject","inLanguage":"es","@id":"https:\/\/maquinamotors.com\/blog\/preparate-para-el-isde-2017-con-ktm-y-maquina-motors\/#primaryimage","url":"https:\/\/maquinamotors.com\/blog\/wp-content\/uploads\/..\/..\/..\/pub\/media\/wysiwyg\/Prepando-la-temporada-para-el-ISDE-2017-con-KTM-y-Maquina-Motors-a-los-SIX-DAYS.jpg","contentUrl":"https:\/\/maquinamotors.com\/blog\/wp-content\/uploads\/..\/..\/..\/pub\/media\/wysiwyg\/Prepando-la-temporada-para-el-ISDE-2017-con-KTM-y-Maquina-Motors-a-los-SIX-DAYS.jpg","width":1000,"height":393},{"@type":"WebPage","@id":"https:\/\/maquinamotors.com\/blog\/preparate-para-el-isde-2017-con-ktm-y-maquina-motors\/#webpage","url":"https:\/\/maquinamotors.com\/blog\/preparate-para-el-isde-2017-con-ktm-y-maquina-motors\/","name":"Prep\u00e1rate para el ISDE 2017 con KTM y Maquina Motors - Maquina Motors","isPartOf":{"@id":"https:\/\/maquinamotors.com\/blog\/#website"},"primaryImageOfPage":{"@id":"https:\/\/maquinamotors.com\/blog\/preparate-para-el-isde-2017-con-ktm-y-maquina-motors\/#primaryimage"},"datePublished":"2017-04-10T00:00:00+00:00","dateModified":"2025-11-26T12:46:40+00:00","author":{"@id":"https:\/\/maquinamotors.com\/blog\/#\/schema\/person\/89eed1f278ed42f1d95ea5e539ef5a5d"},"breadcrumb":{"@id":"https:\/\/maquinamotors.com\/blog\/preparate-para-el-isde-2017-con-ktm-y-maquina-motors\/#breadcrumb"},"inLanguage":"es","potentialAction":[{"@type":"ReadAction","target":["https:\/\/maquinamotors.com\/blog\/preparate-para-el-isde-2017-con-ktm-y-maquina-motors\/"]}]},{"@type":"BreadcrumbList","@id":"https:\/\/maquinamotors.com\/blog\/preparate-para-el-isde-2017-con-ktm-y-maquina-motors\/#breadcrumb","itemListElement":[{"@type":"ListItem","position":1,"name":"Home","item":"https:\/\/maquinamotors.com\/blog\/"},{"@type":"ListItem","position":2,"name":"Prep\u00e1rate para el ISDE 2017 con KTM y Maquina Motors"}]},{"@type":"Person","@id":"https:\/\/maquinamotors.com\/blog\/#\/schema\/person\/89eed1f278ed42f1d95ea5e539ef5a5d","name":"Judith","image":{"@type":"ImageObject","inLanguage":"es","@id":"https:\/\/maquinamotors.com\/blog\/#\/schema\/person\/image\/","url":"https:\/\/secure.gravatar.com\/avatar\/d62088ee4e4c8e7f0734f1e70085b2889a91b0f85d2b20645e2dc287c7fd0039?s=96&d=mm&r=g","contentUrl":"https:\/\/secure.gravatar.com\/avatar\/d62088ee4e4c8e7f0734f1e70085b2889a91b0f85d2b20645e2dc287c7fd0039?s=96&d=mm&r=g","caption":"Judith"},"description":"Amante de las motos desde peque\u00f1a. Entre rutas, charlas con otros moteros y motores que suenan bien, siempre hay algo nuevo que aprender\u00a0y\u00a0compartir.","url":"https:\/\/maquinamotors.com\/blog\/author\/judith\/"}]}},"_links":{"self":[{"href":"https:\/\/maquinamotors.com\/blog\/wp-json\/wp\/v2\/posts\/90","targetHints":{"allow":["GET"]}}],"collection":[{"href":"https:\/\/maquinamotors.com\/blog\/wp-json\/wp\/v2\/posts"}],"about":[{"href":"https:\/\/maquinamotors.com\/blog\/wp-json\/wp\/v2\/types\/post"}],"author":[{"embeddable":true,"href":"https:\/\/maquinamotors.com\/blog\/wp-json\/wp\/v2\/users\/3"}],"replies":[{"embeddable":true,"href":"https:\/\/maquinamotors.com\/blog\/wp-json\/wp\/v2\/comments?post=90"}],"version-history":[{"count":1,"href":"https:\/\/maquinamotors.com\/blog\/wp-json\/wp\/v2\/posts\/90\/revisions"}],"predecessor-version":[{"id":484,"href":"https:\/\/maquinamotors.com\/blog\/wp-json\/wp\/v2\/posts\/90\/revisions\/484"}],"wp:featuredmedia":[{"embeddable":true,"href":"https:\/\/maquinamotors.com\/blog\/wp-json\/wp\/v2\/media\/217"}],"wp:attachment":[{"href":"https:\/\/maquinamotors.com\/blog\/wp-json\/wp\/v2\/media?parent=90"}],"wp:term":[{"taxonomy":"category","embeddable":true,"href":"https:\/\/maquinamotors.com\/blog\/wp-json\/wp\/v2\/categories?post=90"},{"taxonomy":"post_tag","embeddable":true,"href":"https:\/\/maquinamotors.com\/blog\/wp-json\/wp\/v2\/tags?post=90"}],"curies":[{"name":"wp","href":"https:\/\/api.w.org\/{rel}","templated":true}]}}