{"id":87,"date":"2017-03-17T00:00:00","date_gmt":"2017-03-17T00:00:00","guid":{"rendered":"http:\/\/maquinamotors.teradisk.net\/blog\/maquina-motors-estara-presente-un-ano-mas-al-motoh-barcelona\/"},"modified":"2025-11-26T12:47:12","modified_gmt":"2025-11-26T12:47:12","slug":"maquina-motors-estara-presente-un-ano-mas-al-motoh-barcelona","status":"publish","type":"post","link":"https:\/\/maquinamotors.com\/blog\/maquina-motors-estara-presente-un-ano-mas-al-motoh-barcelona\/","title":{"rendered":"Maquina Motors estar\u00e1 presente un a\u00f1o m\u00e1s al Motoh! Barcelona"},"content":{"rendered":"<p><img decoding=\"async\" title=\"Maquina Motors estar\u00e1 presente en el sal\u00f3n Motoh Barcelona 2017\" src=\"{{media url=\"wysiwyg\/Maquina_Motors_estar_presente_en_el_sal_n_Motoh_Barcelona_2017.jpg\"}}\" alt=\"Maquina Motors estar\u00e1 presente en el sal\u00f3n Motoh Barcelona 2017\" \/><\/p>\n<p><span style=\"font-size: medium; font-family: verdana, geneva;\"><strong>Del pr\u00f3ximo 30 de marzo al 2 de abril todos los aficionados del motociclismo de Barcelona tienen una cita que no pueden perderse. El <a title=\"Sal\u00f3n Motoh! Barcelona\" href=\"http:\/\/www.motohbarcelona.com\/es\/home\" target=\"_blank\" rel=\"noopener noreferrer\">MOTOh! Barcelona<\/a> 2017 ya est\u00e1 aqu\u00ed y en Maquina Motors, como no pod\u00eda ser de otra manera, no nos lo vamos a perder. Esta segunda edici\u00f3n promete ser m\u00e1s espectacular si cabe y con mayor exposici\u00f3n de motos que la edici\u00f3n de 2016. Esta vez el sal\u00f3n contar\u00e1 con m\u00e1s de 8.000 m2 de exposici\u00f3n.<\/strong><\/span><\/p>\n<p><span style=\"font-family: verdana, geneva; font-size: medium;\"><span style=\"font-family: verdana, geneva; font-size: medium;\">Debido a nuestra trayectoria dentro del sector han sido varias las ferias y eventos a los que hemos tenido el placer de asistir y formar parte. La segunda edici\u00f3n de<a title=\"Feria Motoh! Barcelona 2017\" href=\"http:\/\/www.motohbarcelona.com\/es\/home\" target=\"_blank\" rel=\"noopener noreferrer\"> MOTOh! Barcelona<\/a>\u00a0promete experimentar un salto cualitativo importante respecto a su anterior edici\u00f3n. Fuentes de la <a title=\"Fira de Barcelona website\" href=\"http:\/\/www.firabarcelona.com\/\" target=\"_blank\" rel=\"noopener noreferrer\">Fira de Barcelona<\/a> han informado que, no s\u00f3lo contar\u00e1 con un mayor n\u00famero de marcas, sino que adem\u00e1s ofrecer\u00e1 m\u00e1s actividades a los visitantes y alargar\u00e1 su duraci\u00f3n, este a\u00f1o dispondremos de un d\u00eda m\u00e1s.<\/span><\/span><\/p>\n<p><span style=\"font-family: verdana, geneva; font-size: medium;\">La ampliaci\u00f3n que experimentar\u00e1 este a\u00f1o el Sal\u00f3n MOTOh! Barcelona ha obligado a cambiar el emplazamiento de este gran evento dedicado al mundo de la motocicleta. Aunque se mantiene el recinto ferial de Montjuic, la feria pasar\u00e1 del <strong>Palacio 1 al Palacio 8<\/strong>\u00a0y las actividades exteriores junto con la <strong>prueba de motos\u00a0<\/strong>se ubicar\u00e1n en la Avenida Reina Maria Cristina.\u00a0<\/span><\/p>\n<p><strong><span style=\"font-size: medium; font-family: verdana, geneva;\"><br \/><\/span><\/strong><\/p>\n<p><strong><span style=\"font-size: medium; font-family: verdana, geneva;\">Maquina Motors estar\u00e1 presente representando sus marcas de referencia.<\/span><\/strong><\/p>\n<p><strong><span style=\"font-size: medium; font-family: verdana, geneva;\"><img decoding=\"async\" title=\"Im\u00e1genes sal\u00f3n de la Fira Moto Stand Maquina Motors 2015\" src=\"{{media url=\"wysiwyg\/Imagenes_sal_n_de_la_Fira_Moto_Stand_Maquina_Motors_2015.jpg\"}}\" alt=\"Im\u00e1genes sal\u00f3n de la Fira Moto Stand Maquina Motors 2015\" \/><\/span><\/strong><\/p>\n<p style=\"text-align: left;\"><strong><span style=\"font-family: verdana, geneva; font-size: x-large;\">Maquina Motors estar\u00e1 presente en la feria del MOTOh! Barcelona 2017 en los stands de sus marcas de referencia: Kawasaki, Triumph, KTM y Suzuki. Nuestros equipo estar\u00e1 presente e identficado para ofrecer informaci\u00f3n de primera mano a los asistentes.\u00a0<\/span><\/strong><span style=\"font-family: verdana, geneva;\">\u00a0<\/span><\/p>\n<p><strong><span style=\"font-size: medium; font-family: verdana, geneva;\"><br \/><\/span><\/strong><\/p>\n<p><strong><span style=\"font-size: medium; font-family: verdana, geneva;\">Un apartado dedicado a la formaci\u00f3n en conducci\u00f3n de moto<\/span><\/strong><\/p>\n<p><span style=\"font-family: verdana, geneva; font-size: medium;\">El apartado formativo estar\u00e1 protagonizado por <\/span><strong style=\"font-family: verdana, geneva; font-size: medium;\">Motoh! Academy, un espacio dise\u00f1ado en colaboraci\u00f3n con el <a title=\"Web Servei Catal\u00e1 de transit\" href=\"http:\/\/transit.gencat.cat\/ca\/inici\/\" target=\"_blank\" rel=\"noopener noreferrer\">Servei Catal\u00e0 de Tr\u00e0nsit<\/a> que constar\u00e1 de un circuito cerrado de pruebas con Veh\u00edculos Urbanos<\/strong><span style=\"font-family: verdana, geneva; font-size: medium;\"> de hasta 125 cc en el que se llevar\u00e1n a cabo actividades de iniciaci\u00f3n para aquellos que quieran tener un primer contacto con un veh\u00edculo de 2 ruedas y un programa de mejora de la conducci\u00f3n y de refuerzo de los buenos h\u00e1bitos de seguridad y convivencia en la circulaci\u00f3n.<\/span><\/p>\n<p><span style=\"font-family: verdana, geneva; font-size: medium;\">Las pruebas din\u00e1micas de veh\u00edculos se completar\u00e1n en el SoloMoto Weekend que realizar\u00e1 recorridos externos guiados por monitores profesionales, con el objetivo de probar las novedades presentes en el sal\u00f3n en condiciones reales de circulaci\u00f3n mientras se fomenta la seguridad en la conducci\u00f3n. Los m\u00e1s peque\u00f1os tambi\u00e9n podr\u00e1n pilotar una moto en un circuito ubicado en el interior del Palacio 8 donde los ni\u00f1os y ni\u00f1as de entre 7 y 12 a\u00f1os con una altura m\u00ednima de 120 cm disfrutar\u00e1n de manera gratuita de una primera experiencia con las<\/span><strong style=\"font-family: verdana, geneva; font-size: medium;\"> motos el\u00e9ctricas de Torrot<\/strong><span style=\"font-family: verdana, geneva; font-size: medium;\">.<\/span><\/p>\n<p><span style=\"font-family: verdana, geneva; font-size: medium;\">La pericia a los mandos de una moto, tanto de profesionales como visitantes, tambi\u00e9n ser\u00e1 la protagonista de las actividades. Mientras los visitantes podr\u00e1n demostrar sus habilidades en la pista de frenada y a lomos de un aut\u00e9ntico simulador de MotoGP como el que utilizan los pilotos del mundial para entrenar, pilotos profesionales de stunt y trial realizar\u00e1n exhibiciones programadas por la ma\u00f1ana y por la tarde en las pistas exteriores ubicadas en la Avenida Reina M\u00aa Cristina.<\/span><\/p>\n<p><img decoding=\"async\" title=\"Salon de la Motos a\u00f1o 2015 - Farga de l'hospitalet\" src=\"{{media url=\"wysiwyg\/Imagenes-sal_n-de-la-Fira-Moto-Stand-Maquina-Motors-_2_.jpg\"}}\" alt=\"Salon de la Motos a\u00f1o 2015 - Farga de l'hospitalet\" \/>\u00a0<\/p>\n<p><span style=\"font-size: medium; font-family: verdana, geneva;\"><strong><br \/><\/strong><\/span><\/p>\n<p><span style=\"font-size: medium; font-family: verdana, geneva;\"><strong>La historia de la moto<br \/><\/strong><\/span><br \/><span style=\"font-size: medium; font-family: verdana, geneva;\">Para homenajear la tradici\u00f3n industrial del sector motociclista en Catalunya, el sal\u00f3n acoger\u00e1 dos actividades organizadas por el <a href=\"http:\/\/www.museumoto.com\/es\/\">Museo de la Moto de Barcelona<\/a>. Se han preparado exposiciones de veh\u00edculos hist\u00f3ricos con piezas emblem\u00e1ticas dise\u00f1adas y construidas en Catalu\u00f1a desde los a\u00f1os 20. En total habr\u00e1 una decena de modelos entre los que figuran el \u00fanico prototipo de moto Sim\u00f3 de 1924 y 148 cc; la \u00fanica Lutetia Super Sport de 175cc construida por Jos\u00e9 Sugra\u00f1es en 1928; as\u00ed como varios modelos de Bultaco (Metralla MK2 y Lobito MK3); la Derbi 250cc de 1952; Montesa (A45 y Minimontesa); Ossa 125\u00aa; y Riejus fechadas entre los 50 y los 80.<\/span><\/p>\n<p><span style=\"font-family: verdana, geneva; font-size: medium;\">La segunda actividad ser\u00e1 el VI Rally Motocl\u00e1sica Barcelona, un rally urbano, no competitivo, para motocicletas hist\u00f3ricas anteriores a 1986, con un recorrido de unos 50km por las calles de Barcelona que se celebrar\u00e1 el s\u00e1bado 1 de abril y tendr\u00e1 salida y llegada en el recinto ferial de Montju\u00efc.<\/span><\/p>\n<p><span style=\"font-family: verdana, geneva; font-size: medium;\">Con el objetivo de facilitar a los visitantes su estancia en Motoh! Barcelona, Fira de Barcelona ha habilitado el Palacio 7 del recinto de Montju\u00efc como zona de aparcamiento gratuito para motocicletas durante la celebraci\u00f3n del certamen.<\/span><\/p>\n<p><span style=\"font-family: verdana, geneva;\">\u00a0<\/span><\/p>\n<p style=\"text-align: center;\"><span style=\"font-size: x-large; font-family: verdana, geneva;\"><strong>PARA ESTAR SIEMPRE INFORMADO SOBRE LAS \u00daLTIMAS NOVEDADES SIGUENOS\u00a0<br \/>EN NUESTROS PERFILES DE FACEBOOK:<\/strong><\/span><\/p>\n<p style=\"text-align: center;\"><span style=\"font-size: x-large; color: #0000ff; font-family: verdana, geneva;\">\u00a0<a href=\"https:\/\/facebook.com\/maquinamotors\/\"><span style=\"color: #0000ff;\"><strong>MAQUINA MOTORS<\/strong><\/span><\/a><\/span><\/p>\n<p><span style=\"font-size: medium; font-family: verdana, geneva;\"><br \/><\/span><\/p>\n<p><span style=\"font-size: medium; font-family: verdana, geneva;\"><br \/><\/span><\/p>\n","protected":false},"excerpt":{"rendered":"<p>Del pr\u00f3ximo 30 de marzo al 2 de abril todos los aficionados del motociclismo de Barcelona tienen una cita que no pueden perderse. El MOTOh! Barcelona 2017 ya est\u00e1 aqu\u00ed y en Maquina Motors, como no pod\u00eda ser de otra manera, no nos lo vamos a perder. Esta segunda edici\u00f3n promete ser m\u00e1s espectacular si &hellip; <a href=\"https:\/\/maquinamotors.com\/blog\/maquina-motors-estara-presente-un-ano-mas-al-motoh-barcelona\/\" class=\"more-link\">Continuar leyendo<span class=\"screen-reader-text\"> \u00abMaquina Motors estar\u00e1 presente un a\u00f1o m\u00e1s al Motoh! Barcelona\u00bb<\/span><\/a><\/p>\n","protected":false},"author":3,"featured_media":220,"comment_status":"open","ping_status":"open","sticky":false,"template":"","format":"standard","meta":{"footnotes":""},"categories":[508],"tags":[619,636,634],"class_list":["post-87","post","type-post","status-publish","format-standard","has-post-thumbnail","hentry","category-eventos","tag-barcelona","tag-comunidad-motera","tag-salon"],"yoast_head":"<!-- This site is optimized with the Yoast SEO plugin v19.2 - https:\/\/yoast.com\/wordpress\/plugins\/seo\/ -->\n<title>Maquina Motors estar\u00e1 presente un a\u00f1o m\u00e1s al Motoh! Barcelona - Maquina Motors<\/title>\n<meta name=\"robots\" content=\"index, follow, max-snippet:-1, max-image-preview:large, max-video-preview:-1\" \/>\n<link rel=\"canonical\" href=\"https:\/\/maquinamotors.com\/blog\/maquina-motors-estara-presente-un-ano-mas-al-motoh-barcelona\/\" \/>\n<meta property=\"og:locale\" content=\"es_ES\" \/>\n<meta property=\"og:type\" content=\"article\" \/>\n<meta property=\"og:title\" content=\"Maquina Motors estar\u00e1 presente un a\u00f1o m\u00e1s al Motoh! Barcelona - Maquina Motors\" \/>\n<meta property=\"og:description\" content=\"Del pr\u00f3ximo 30 de marzo al 2 de abril todos los aficionados del motociclismo de Barcelona tienen una cita que no pueden perderse. El MOTOh! Barcelona 2017 ya est\u00e1 aqu\u00ed y en Maquina Motors, como no pod\u00eda ser de otra manera, no nos lo vamos a perder. Esta segunda edici\u00f3n promete ser m\u00e1s espectacular si &hellip; Continuar leyendo &quot;Maquina Motors estar\u00e1 presente un a\u00f1o m\u00e1s al Motoh! Barcelona&quot;\" \/>\n<meta property=\"og:url\" content=\"https:\/\/maquinamotors.com\/blog\/maquina-motors-estara-presente-un-ano-mas-al-motoh-barcelona\/\" \/>\n<meta property=\"og:site_name\" content=\"Maquina Motors\" \/>\n<meta property=\"article:published_time\" content=\"2017-03-17T00:00:00+00:00\" \/>\n<meta property=\"article:modified_time\" content=\"2025-11-26T12:47:12+00:00\" \/>\n<meta property=\"og:image\" content=\"https:\/\/maquinamotors.com\/blog\/wp-content\/uploads\/..\/..\/..\/pub\/media\/wysiwyg\/Maquina_Motors_estar_presente_en_el_sal_n_Motoh_Barcelona_2017.jpg\" \/>\n\t<meta property=\"og:image:width\" content=\"1000\" \/>\n\t<meta property=\"og:image:height\" content=\"380\" \/>\n\t<meta property=\"og:image:type\" content=\"image\/jpeg\" \/>\n<meta name=\"author\" content=\"Judith\" \/>\n<meta name=\"twitter:card\" content=\"summary_large_image\" \/>\n<meta name=\"twitter:label1\" content=\"Escrito por\" \/>\n\t<meta name=\"twitter:data1\" content=\"Judith\" \/>\n\t<meta name=\"twitter:label2\" content=\"Tiempo de lectura\" \/>\n\t<meta name=\"twitter:data2\" content=\"4 minutos\" \/>\n<script type=\"application\/ld+json\" class=\"yoast-schema-graph\">{\"@context\":\"https:\/\/schema.org\",\"@graph\":[{\"@type\":\"WebSite\",\"@id\":\"https:\/\/maquinamotors.com\/blog\/#website\",\"url\":\"https:\/\/maquinamotors.com\/blog\/\",\"name\":\"Maquina Motors\",\"description\":\"Pasi\u00f3n por las motos desde 1978\",\"potentialAction\":[{\"@type\":\"SearchAction\",\"target\":{\"@type\":\"EntryPoint\",\"urlTemplate\":\"https:\/\/maquinamotors.com\/blog\/?s={search_term_string}\"},\"query-input\":\"required name=search_term_string\"}],\"inLanguage\":\"es\"},{\"@type\":\"ImageObject\",\"inLanguage\":\"es\",\"@id\":\"https:\/\/maquinamotors.com\/blog\/maquina-motors-estara-presente-un-ano-mas-al-motoh-barcelona\/#primaryimage\",\"url\":\"https:\/\/maquinamotors.com\/blog\/wp-content\/uploads\/..\/..\/..\/pub\/media\/wysiwyg\/Maquina_Motors_estar_presente_en_el_sal_n_Motoh_Barcelona_2017.jpg\",\"contentUrl\":\"https:\/\/maquinamotors.com\/blog\/wp-content\/uploads\/..\/..\/..\/pub\/media\/wysiwyg\/Maquina_Motors_estar_presente_en_el_sal_n_Motoh_Barcelona_2017.jpg\",\"width\":1000,\"height\":380},{\"@type\":\"WebPage\",\"@id\":\"https:\/\/maquinamotors.com\/blog\/maquina-motors-estara-presente-un-ano-mas-al-motoh-barcelona\/#webpage\",\"url\":\"https:\/\/maquinamotors.com\/blog\/maquina-motors-estara-presente-un-ano-mas-al-motoh-barcelona\/\",\"name\":\"Maquina Motors estar\u00e1 presente un a\u00f1o m\u00e1s al Motoh! Barcelona - Maquina Motors\",\"isPartOf\":{\"@id\":\"https:\/\/maquinamotors.com\/blog\/#website\"},\"primaryImageOfPage\":{\"@id\":\"https:\/\/maquinamotors.com\/blog\/maquina-motors-estara-presente-un-ano-mas-al-motoh-barcelona\/#primaryimage\"},\"datePublished\":\"2017-03-17T00:00:00+00:00\",\"dateModified\":\"2025-11-26T12:47:12+00:00\",\"author\":{\"@id\":\"https:\/\/maquinamotors.com\/blog\/#\/schema\/person\/89eed1f278ed42f1d95ea5e539ef5a5d\"},\"breadcrumb\":{\"@id\":\"https:\/\/maquinamotors.com\/blog\/maquina-motors-estara-presente-un-ano-mas-al-motoh-barcelona\/#breadcrumb\"},\"inLanguage\":\"es\",\"potentialAction\":[{\"@type\":\"ReadAction\",\"target\":[\"https:\/\/maquinamotors.com\/blog\/maquina-motors-estara-presente-un-ano-mas-al-motoh-barcelona\/\"]}]},{\"@type\":\"BreadcrumbList\",\"@id\":\"https:\/\/maquinamotors.com\/blog\/maquina-motors-estara-presente-un-ano-mas-al-motoh-barcelona\/#breadcrumb\",\"itemListElement\":[{\"@type\":\"ListItem\",\"position\":1,\"name\":\"Home\",\"item\":\"https:\/\/maquinamotors.com\/blog\/\"},{\"@type\":\"ListItem\",\"position\":2,\"name\":\"Maquina Motors estar\u00e1 presente un a\u00f1o m\u00e1s al Motoh! Barcelona\"}]},{\"@type\":\"Person\",\"@id\":\"https:\/\/maquinamotors.com\/blog\/#\/schema\/person\/89eed1f278ed42f1d95ea5e539ef5a5d\",\"name\":\"Judith\",\"image\":{\"@type\":\"ImageObject\",\"inLanguage\":\"es\",\"@id\":\"https:\/\/maquinamotors.com\/blog\/#\/schema\/person\/image\/\",\"url\":\"https:\/\/secure.gravatar.com\/avatar\/d62088ee4e4c8e7f0734f1e70085b2889a91b0f85d2b20645e2dc287c7fd0039?s=96&d=mm&r=g\",\"contentUrl\":\"https:\/\/secure.gravatar.com\/avatar\/d62088ee4e4c8e7f0734f1e70085b2889a91b0f85d2b20645e2dc287c7fd0039?s=96&d=mm&r=g\",\"caption\":\"Judith\"},\"description\":\"Amante de las motos desde peque\u00f1a. Entre rutas, charlas con otros moteros y motores que suenan bien, siempre hay algo nuevo que aprender\u00a0y\u00a0compartir.\",\"url\":\"https:\/\/maquinamotors.com\/blog\/author\/judith\/\"}]}<\/script>\n<!-- \/ Yoast SEO plugin. -->","yoast_head_json":{"title":"Maquina Motors estar\u00e1 presente un a\u00f1o m\u00e1s al Motoh! Barcelona - Maquina Motors","robots":{"index":"index","follow":"follow","max-snippet":"max-snippet:-1","max-image-preview":"max-image-preview:large","max-video-preview":"max-video-preview:-1"},"canonical":"https:\/\/maquinamotors.com\/blog\/maquina-motors-estara-presente-un-ano-mas-al-motoh-barcelona\/","og_locale":"es_ES","og_type":"article","og_title":"Maquina Motors estar\u00e1 presente un a\u00f1o m\u00e1s al Motoh! Barcelona - Maquina Motors","og_description":"Del pr\u00f3ximo 30 de marzo al 2 de abril todos los aficionados del motociclismo de Barcelona tienen una cita que no pueden perderse. El MOTOh! Barcelona 2017 ya est\u00e1 aqu\u00ed y en Maquina Motors, como no pod\u00eda ser de otra manera, no nos lo vamos a perder. Esta segunda edici\u00f3n promete ser m\u00e1s espectacular si &hellip; Continuar leyendo \"Maquina Motors estar\u00e1 presente un a\u00f1o m\u00e1s al Motoh! Barcelona\"","og_url":"https:\/\/maquinamotors.com\/blog\/maquina-motors-estara-presente-un-ano-mas-al-motoh-barcelona\/","og_site_name":"Maquina Motors","article_published_time":"2017-03-17T00:00:00+00:00","article_modified_time":"2025-11-26T12:47:12+00:00","og_image":[{"width":1000,"height":380,"url":"https:\/\/maquinamotors.com\/blog\/wp-content\/uploads\/..\/..\/..\/pub\/media\/wysiwyg\/Maquina_Motors_estar_presente_en_el_sal_n_Motoh_Barcelona_2017.jpg","type":"image\/jpeg"}],"author":"Judith","twitter_card":"summary_large_image","twitter_misc":{"Escrito por":"Judith","Tiempo de lectura":"4 minutos"},"schema":{"@context":"https:\/\/schema.org","@graph":[{"@type":"WebSite","@id":"https:\/\/maquinamotors.com\/blog\/#website","url":"https:\/\/maquinamotors.com\/blog\/","name":"Maquina Motors","description":"Pasi\u00f3n por las motos desde 1978","potentialAction":[{"@type":"SearchAction","target":{"@type":"EntryPoint","urlTemplate":"https:\/\/maquinamotors.com\/blog\/?s={search_term_string}"},"query-input":"required name=search_term_string"}],"inLanguage":"es"},{"@type":"ImageObject","inLanguage":"es","@id":"https:\/\/maquinamotors.com\/blog\/maquina-motors-estara-presente-un-ano-mas-al-motoh-barcelona\/#primaryimage","url":"https:\/\/maquinamotors.com\/blog\/wp-content\/uploads\/..\/..\/..\/pub\/media\/wysiwyg\/Maquina_Motors_estar_presente_en_el_sal_n_Motoh_Barcelona_2017.jpg","contentUrl":"https:\/\/maquinamotors.com\/blog\/wp-content\/uploads\/..\/..\/..\/pub\/media\/wysiwyg\/Maquina_Motors_estar_presente_en_el_sal_n_Motoh_Barcelona_2017.jpg","width":1000,"height":380},{"@type":"WebPage","@id":"https:\/\/maquinamotors.com\/blog\/maquina-motors-estara-presente-un-ano-mas-al-motoh-barcelona\/#webpage","url":"https:\/\/maquinamotors.com\/blog\/maquina-motors-estara-presente-un-ano-mas-al-motoh-barcelona\/","name":"Maquina Motors estar\u00e1 presente un a\u00f1o m\u00e1s al Motoh! Barcelona - Maquina Motors","isPartOf":{"@id":"https:\/\/maquinamotors.com\/blog\/#website"},"primaryImageOfPage":{"@id":"https:\/\/maquinamotors.com\/blog\/maquina-motors-estara-presente-un-ano-mas-al-motoh-barcelona\/#primaryimage"},"datePublished":"2017-03-17T00:00:00+00:00","dateModified":"2025-11-26T12:47:12+00:00","author":{"@id":"https:\/\/maquinamotors.com\/blog\/#\/schema\/person\/89eed1f278ed42f1d95ea5e539ef5a5d"},"breadcrumb":{"@id":"https:\/\/maquinamotors.com\/blog\/maquina-motors-estara-presente-un-ano-mas-al-motoh-barcelona\/#breadcrumb"},"inLanguage":"es","potentialAction":[{"@type":"ReadAction","target":["https:\/\/maquinamotors.com\/blog\/maquina-motors-estara-presente-un-ano-mas-al-motoh-barcelona\/"]}]},{"@type":"BreadcrumbList","@id":"https:\/\/maquinamotors.com\/blog\/maquina-motors-estara-presente-un-ano-mas-al-motoh-barcelona\/#breadcrumb","itemListElement":[{"@type":"ListItem","position":1,"name":"Home","item":"https:\/\/maquinamotors.com\/blog\/"},{"@type":"ListItem","position":2,"name":"Maquina Motors estar\u00e1 presente un a\u00f1o m\u00e1s al Motoh! Barcelona"}]},{"@type":"Person","@id":"https:\/\/maquinamotors.com\/blog\/#\/schema\/person\/89eed1f278ed42f1d95ea5e539ef5a5d","name":"Judith","image":{"@type":"ImageObject","inLanguage":"es","@id":"https:\/\/maquinamotors.com\/blog\/#\/schema\/person\/image\/","url":"https:\/\/secure.gravatar.com\/avatar\/d62088ee4e4c8e7f0734f1e70085b2889a91b0f85d2b20645e2dc287c7fd0039?s=96&d=mm&r=g","contentUrl":"https:\/\/secure.gravatar.com\/avatar\/d62088ee4e4c8e7f0734f1e70085b2889a91b0f85d2b20645e2dc287c7fd0039?s=96&d=mm&r=g","caption":"Judith"},"description":"Amante de las motos desde peque\u00f1a. Entre rutas, charlas con otros moteros y motores que suenan bien, siempre hay algo nuevo que aprender\u00a0y\u00a0compartir.","url":"https:\/\/maquinamotors.com\/blog\/author\/judith\/"}]}},"_links":{"self":[{"href":"https:\/\/maquinamotors.com\/blog\/wp-json\/wp\/v2\/posts\/87","targetHints":{"allow":["GET"]}}],"collection":[{"href":"https:\/\/maquinamotors.com\/blog\/wp-json\/wp\/v2\/posts"}],"about":[{"href":"https:\/\/maquinamotors.com\/blog\/wp-json\/wp\/v2\/types\/post"}],"author":[{"embeddable":true,"href":"https:\/\/maquinamotors.com\/blog\/wp-json\/wp\/v2\/users\/3"}],"replies":[{"embeddable":true,"href":"https:\/\/maquinamotors.com\/blog\/wp-json\/wp\/v2\/comments?post=87"}],"version-history":[{"count":1,"href":"https:\/\/maquinamotors.com\/blog\/wp-json\/wp\/v2\/posts\/87\/revisions"}],"predecessor-version":[{"id":488,"href":"https:\/\/maquinamotors.com\/blog\/wp-json\/wp\/v2\/posts\/87\/revisions\/488"}],"wp:featuredmedia":[{"embeddable":true,"href":"https:\/\/maquinamotors.com\/blog\/wp-json\/wp\/v2\/media\/220"}],"wp:attachment":[{"href":"https:\/\/maquinamotors.com\/blog\/wp-json\/wp\/v2\/media?parent=87"}],"wp:term":[{"taxonomy":"category","embeddable":true,"href":"https:\/\/maquinamotors.com\/blog\/wp-json\/wp\/v2\/categories?post=87"},{"taxonomy":"post_tag","embeddable":true,"href":"https:\/\/maquinamotors.com\/blog\/wp-json\/wp\/v2\/tags?post=87"}],"curies":[{"name":"wp","href":"https:\/\/api.w.org\/{rel}","templated":true}]}}