{"id":681,"date":"2019-05-25T09:54:08","date_gmt":"2019-05-25T09:54:08","guid":{"rendered":"https:\/\/maquinamotors.com\/blog\/?p=681"},"modified":"2025-11-26T12:22:36","modified_gmt":"2025-11-26T12:22:36","slug":"jornada-de-pruebas-suzuki-katana-en-maquina-motors","status":"publish","type":"post","link":"https:\/\/maquinamotors.com\/blog\/jornada-de-pruebas-suzuki-katana-en-maquina-motors\/","title":{"rendered":"Jornada de Prueba de Motos Suzuki Katana en Maquina Motors"},"content":{"rendered":"<p><strong>Ven a probar a Maquina Motors una de las novedades Suzuki de este 2019. La Suzuki Katana es ya una realidad y estar\u00e1 disponible para pruebas en las instalaciones de <a href=\"https:\/\/maquinamotors.com\/nuestras-tiendas\/index\/ficha\/?store=2\">Maquina Motors en Carrer Brusi 92<\/a> de Barcelona del 3 al 7 de junio.\u00a0<\/strong><\/p>\n<p>En Maquina Motors estamos preparando una jornada de prueba de motos Suzuki muy especial. En esta ocasi\u00f3n ponemos a disposici\u00f3n de toda la comunidad motera de barcelona la incre\u00edble SUZUKI KATANA. La m\u00edtica moto sello y se\u00f1a del fabricante Japon\u00e9s de Hamamatsu durante los a\u00f1os 80 vuelve a la vida con un dise\u00f1o y unas prestaciones totalmente revolucionarias.<\/p>\n<p>IMPORTANTE: Para asistir a este evento que celebraremos <strong>del pr\u00f3ximo 3 al 7 de Junio en la tienda Maquina Motors ubicada en Carrer Brusi 92 de Barcelona<\/strong> debes solicitar una cita completando el formulario que encontrar\u00e1s al final de este post. La prueba de la <a href=\"https:\/\/maquinamotors.com\/motos-nuevas\/katana-gsx-s1000srqm0.html\">Suzuki Katana<\/a> es totalmente gratuita y no tiene ning\u00fan coste para los participantes. Eso s\u00ed, tendr\u00e1s que estar en posesi\u00f3n del Carnet A de moto y presentar tu DNI antes de realizar la prueba.<\/p>\n<p style=\"text-align: left;\">\u00bfTienes ganas de descubrir c\u00f3mo funciona la nueva KATANA de Suzuki? Si no quieres perderte esta jornada que dedicaremos en exclusiva a esta joya neo retro de Suzuki debes completar el <strong><a href=\"https:\/\/docs.google.com\/forms\/d\/e\/1FAIpQLSe3XXhkGAjbHcOK4dabgMsC9LH9fL7D1TEwmArZ5LjeXEwhkQ\/viewform\">formulario de inscripci\u00f3n<\/a><\/strong>. La nueva Suzuki KATANA es un claro reflejo de su antecesora, que guarda en su interior el coraz\u00f3n de la Suzuki GSX-R 1000 de 2005 con un imponente motor que entrega nada m\u00e1s y nada menos que 149CV a 9000rpm y un impactante par motor de 108 Nm.<\/p>\n<h1 style=\"text-align: center;\">Disponible desde 15.099\u20ac<br \/>\nINCLUYE DE REGALO CASCO ARAI LIMITED EDITION.<\/h1>\n<p>No pierdas la oportunidad de descubrir con nosotros esta magn\u00edfica M\u00c1QUINA. La moto perfecta para los amantes de lo cl\u00e1sico que buscan un modelo con las prestaciones, acabados y calidad de las motos m\u00e1s actuales.<\/p>\n<h4 style=\"text-align: center;\"><strong>\u00bfQuieres conocer m\u00e1s?<br \/>\nEcha un vistazo al video de presentaci\u00f3n de Suzuki Espa\u00f1a:<\/strong><\/h4>\n<h3 style=\"text-align: center;\"><iframe loading=\"lazy\" src=\"https:\/\/www.youtube.com\/embed\/fBT4YPFMMK0\" width=\"560\" height=\"315\" frameborder=\"0\" allowfullscreen=\"allowfullscreen\"><\/iframe><\/h3>\n<h4 style=\"text-align: center;\"><strong><br \/>\n\u00bfQuieres reservar cita y no perder la oportunidad<br \/>\nde probar la fant\u00e1stica Suzuki Katana?<br \/>\nCompleta el siguiente formulario:<\/strong><\/h4>\n<h3 style=\"text-align: center;\"><iframe loading=\"lazy\" src=\"https:\/\/docs.google.com\/forms\/d\/e\/1FAIpQLSe3XXhkGAjbHcOK4dabgMsC9LH9fL7D1TEwmArZ5LjeXEwhkQ\/viewform?embedded=true\" width=\"640\" height=\"1566\" frameborder=\"0\" marginwidth=\"0\" marginheight=\"0\">Cargando&#8230;<\/iframe><\/h3>\n","protected":false},"excerpt":{"rendered":"<p>Ven a probar a Maquina Motors una de las novedades Suzuki de este 2019. La Suzuki Katana es ya una realidad y estar\u00e1 disponible para pruebas en las instalaciones de Maquina Motors en Carrer Brusi 92 de Barcelona del 3 al 7 de junio.\u00a0 En Maquina Motors estamos preparando una jornada de prueba de motos &hellip; <a href=\"https:\/\/maquinamotors.com\/blog\/jornada-de-pruebas-suzuki-katana-en-maquina-motors\/\" class=\"more-link\">Continuar leyendo<span class=\"screen-reader-text\"> \u00abJornada de Prueba de Motos Suzuki Katana en Maquina Motors\u00bb<\/span><\/a><\/p>\n","protected":false},"author":3,"featured_media":899,"comment_status":"open","ping_status":"open","sticky":false,"template":"","format":"standard","meta":{"footnotes":""},"categories":[508],"tags":[619,556,594,532],"class_list":["post-681","post","type-post","status-publish","format-standard","has-post-thumbnail","hentry","category-eventos","tag-barcelona","tag-jornadas-prueba","tag-naked","tag-suzuki"],"yoast_head":"<!-- This site is optimized with the Yoast SEO plugin v19.2 - https:\/\/yoast.com\/wordpress\/plugins\/seo\/ -->\n<title>Suzuki Katana Disponible para Pruebas - Maquina Motors<\/title>\n<meta name=\"description\" content=\"Empieza la Jornada de Pruebas de la Suzuki Katana en los concesionarios Maquina Motors. Del pr\u00f3ximo 3 al 7 de junio celebramos este evento en Carrer Brusi 92.\" \/>\n<meta name=\"robots\" content=\"index, follow, max-snippet:-1, max-image-preview:large, max-video-preview:-1\" \/>\n<link rel=\"canonical\" href=\"https:\/\/maquinamotors.com\/blog\/jornada-de-pruebas-suzuki-katana-en-maquina-motors\/\" \/>\n<meta property=\"og:locale\" content=\"es_ES\" \/>\n<meta property=\"og:type\" content=\"article\" \/>\n<meta property=\"og:title\" content=\"Suzuki Katana Disponible para Pruebas - Maquina Motors\" \/>\n<meta property=\"og:description\" content=\"Empieza la Jornada de Pruebas de la Suzuki Katana en los concesionarios Maquina Motors. Del pr\u00f3ximo 3 al 7 de junio celebramos este evento en Carrer Brusi 92.\" \/>\n<meta property=\"og:url\" content=\"https:\/\/maquinamotors.com\/blog\/jornada-de-pruebas-suzuki-katana-en-maquina-motors\/\" \/>\n<meta property=\"og:site_name\" content=\"Maquina Motors\" \/>\n<meta property=\"article:published_time\" content=\"2019-05-25T09:54:08+00:00\" \/>\n<meta property=\"article:modified_time\" content=\"2025-11-26T12:22:36+00:00\" \/>\n<meta property=\"og:image\" content=\"https:\/\/maquinamotors.com\/blog\/wp-content\/uploads\/2019\/05\/Sin-t\u00edtulo-5.jpg\" \/>\n\t<meta property=\"og:image:width\" content=\"850\" \/>\n\t<meta property=\"og:image:height\" content=\"427\" \/>\n\t<meta property=\"og:image:type\" content=\"image\/jpeg\" \/>\n<meta name=\"author\" content=\"Judith\" \/>\n<meta name=\"twitter:card\" content=\"summary_large_image\" \/>\n<meta name=\"twitter:label1\" content=\"Escrito por\" \/>\n\t<meta name=\"twitter:data1\" content=\"Judith\" \/>\n\t<meta name=\"twitter:label2\" content=\"Tiempo de lectura\" \/>\n\t<meta name=\"twitter:data2\" content=\"2 minutos\" \/>\n<script type=\"application\/ld+json\" class=\"yoast-schema-graph\">{\"@context\":\"https:\/\/schema.org\",\"@graph\":[{\"@type\":\"WebSite\",\"@id\":\"https:\/\/maquinamotors.com\/blog\/#website\",\"url\":\"https:\/\/maquinamotors.com\/blog\/\",\"name\":\"Maquina Motors\",\"description\":\"Pasi\u00f3n por las motos desde 1978\",\"potentialAction\":[{\"@type\":\"SearchAction\",\"target\":{\"@type\":\"EntryPoint\",\"urlTemplate\":\"https:\/\/maquinamotors.com\/blog\/?s={search_term_string}\"},\"query-input\":\"required name=search_term_string\"}],\"inLanguage\":\"es\"},{\"@type\":\"ImageObject\",\"inLanguage\":\"es\",\"@id\":\"https:\/\/maquinamotors.com\/blog\/jornada-de-pruebas-suzuki-katana-en-maquina-motors\/#primaryimage\",\"url\":\"https:\/\/maquinamotors.com\/blog\/wp-content\/uploads\/2019\/05\/Sin-t\u00edtulo-5.jpg\",\"contentUrl\":\"https:\/\/maquinamotors.com\/blog\/wp-content\/uploads\/2019\/05\/Sin-t\u00edtulo-5.jpg\",\"width\":850,\"height\":427},{\"@type\":\"WebPage\",\"@id\":\"https:\/\/maquinamotors.com\/blog\/jornada-de-pruebas-suzuki-katana-en-maquina-motors\/#webpage\",\"url\":\"https:\/\/maquinamotors.com\/blog\/jornada-de-pruebas-suzuki-katana-en-maquina-motors\/\",\"name\":\"Suzuki Katana Disponible para Pruebas - Maquina Motors\",\"isPartOf\":{\"@id\":\"https:\/\/maquinamotors.com\/blog\/#website\"},\"primaryImageOfPage\":{\"@id\":\"https:\/\/maquinamotors.com\/blog\/jornada-de-pruebas-suzuki-katana-en-maquina-motors\/#primaryimage\"},\"datePublished\":\"2019-05-25T09:54:08+00:00\",\"dateModified\":\"2025-11-26T12:22:36+00:00\",\"author\":{\"@id\":\"https:\/\/maquinamotors.com\/blog\/#\/schema\/person\/89eed1f278ed42f1d95ea5e539ef5a5d\"},\"description\":\"Empieza la Jornada de Pruebas de la Suzuki Katana en los concesionarios Maquina Motors. Del pr\u00f3ximo 3 al 7 de junio celebramos este evento en Carrer Brusi 92.\",\"breadcrumb\":{\"@id\":\"https:\/\/maquinamotors.com\/blog\/jornada-de-pruebas-suzuki-katana-en-maquina-motors\/#breadcrumb\"},\"inLanguage\":\"es\",\"potentialAction\":[{\"@type\":\"ReadAction\",\"target\":[\"https:\/\/maquinamotors.com\/blog\/jornada-de-pruebas-suzuki-katana-en-maquina-motors\/\"]}]},{\"@type\":\"BreadcrumbList\",\"@id\":\"https:\/\/maquinamotors.com\/blog\/jornada-de-pruebas-suzuki-katana-en-maquina-motors\/#breadcrumb\",\"itemListElement\":[{\"@type\":\"ListItem\",\"position\":1,\"name\":\"Home\",\"item\":\"https:\/\/maquinamotors.com\/blog\/\"},{\"@type\":\"ListItem\",\"position\":2,\"name\":\"Jornada de Prueba de Motos Suzuki Katana en Maquina Motors\"}]},{\"@type\":\"Person\",\"@id\":\"https:\/\/maquinamotors.com\/blog\/#\/schema\/person\/89eed1f278ed42f1d95ea5e539ef5a5d\",\"name\":\"Judith\",\"image\":{\"@type\":\"ImageObject\",\"inLanguage\":\"es\",\"@id\":\"https:\/\/maquinamotors.com\/blog\/#\/schema\/person\/image\/\",\"url\":\"https:\/\/secure.gravatar.com\/avatar\/d62088ee4e4c8e7f0734f1e70085b2889a91b0f85d2b20645e2dc287c7fd0039?s=96&d=mm&r=g\",\"contentUrl\":\"https:\/\/secure.gravatar.com\/avatar\/d62088ee4e4c8e7f0734f1e70085b2889a91b0f85d2b20645e2dc287c7fd0039?s=96&d=mm&r=g\",\"caption\":\"Judith\"},\"description\":\"Amante de las motos desde peque\u00f1a. Entre rutas, charlas con otros moteros y motores que suenan bien, siempre hay algo nuevo que aprender\u00a0y\u00a0compartir.\",\"url\":\"https:\/\/maquinamotors.com\/blog\/author\/judith\/\"}]}<\/script>\n<!-- \/ Yoast SEO plugin. -->","yoast_head_json":{"title":"Suzuki Katana Disponible para Pruebas - Maquina Motors","description":"Empieza la Jornada de Pruebas de la Suzuki Katana en los concesionarios Maquina Motors. Del pr\u00f3ximo 3 al 7 de junio celebramos este evento en Carrer Brusi 92.","robots":{"index":"index","follow":"follow","max-snippet":"max-snippet:-1","max-image-preview":"max-image-preview:large","max-video-preview":"max-video-preview:-1"},"canonical":"https:\/\/maquinamotors.com\/blog\/jornada-de-pruebas-suzuki-katana-en-maquina-motors\/","og_locale":"es_ES","og_type":"article","og_title":"Suzuki Katana Disponible para Pruebas - Maquina Motors","og_description":"Empieza la Jornada de Pruebas de la Suzuki Katana en los concesionarios Maquina Motors. Del pr\u00f3ximo 3 al 7 de junio celebramos este evento en Carrer Brusi 92.","og_url":"https:\/\/maquinamotors.com\/blog\/jornada-de-pruebas-suzuki-katana-en-maquina-motors\/","og_site_name":"Maquina Motors","article_published_time":"2019-05-25T09:54:08+00:00","article_modified_time":"2025-11-26T12:22:36+00:00","og_image":[{"width":850,"height":427,"url":"https:\/\/maquinamotors.com\/blog\/wp-content\/uploads\/2019\/05\/Sin-t\u00edtulo-5.jpg","type":"image\/jpeg"}],"author":"Judith","twitter_card":"summary_large_image","twitter_misc":{"Escrito por":"Judith","Tiempo de lectura":"2 minutos"},"schema":{"@context":"https:\/\/schema.org","@graph":[{"@type":"WebSite","@id":"https:\/\/maquinamotors.com\/blog\/#website","url":"https:\/\/maquinamotors.com\/blog\/","name":"Maquina Motors","description":"Pasi\u00f3n por las motos desde 1978","potentialAction":[{"@type":"SearchAction","target":{"@type":"EntryPoint","urlTemplate":"https:\/\/maquinamotors.com\/blog\/?s={search_term_string}"},"query-input":"required name=search_term_string"}],"inLanguage":"es"},{"@type":"ImageObject","inLanguage":"es","@id":"https:\/\/maquinamotors.com\/blog\/jornada-de-pruebas-suzuki-katana-en-maquina-motors\/#primaryimage","url":"https:\/\/maquinamotors.com\/blog\/wp-content\/uploads\/2019\/05\/Sin-t\u00edtulo-5.jpg","contentUrl":"https:\/\/maquinamotors.com\/blog\/wp-content\/uploads\/2019\/05\/Sin-t\u00edtulo-5.jpg","width":850,"height":427},{"@type":"WebPage","@id":"https:\/\/maquinamotors.com\/blog\/jornada-de-pruebas-suzuki-katana-en-maquina-motors\/#webpage","url":"https:\/\/maquinamotors.com\/blog\/jornada-de-pruebas-suzuki-katana-en-maquina-motors\/","name":"Suzuki Katana Disponible para Pruebas - Maquina Motors","isPartOf":{"@id":"https:\/\/maquinamotors.com\/blog\/#website"},"primaryImageOfPage":{"@id":"https:\/\/maquinamotors.com\/blog\/jornada-de-pruebas-suzuki-katana-en-maquina-motors\/#primaryimage"},"datePublished":"2019-05-25T09:54:08+00:00","dateModified":"2025-11-26T12:22:36+00:00","author":{"@id":"https:\/\/maquinamotors.com\/blog\/#\/schema\/person\/89eed1f278ed42f1d95ea5e539ef5a5d"},"description":"Empieza la Jornada de Pruebas de la Suzuki Katana en los concesionarios Maquina Motors. Del pr\u00f3ximo 3 al 7 de junio celebramos este evento en Carrer Brusi 92.","breadcrumb":{"@id":"https:\/\/maquinamotors.com\/blog\/jornada-de-pruebas-suzuki-katana-en-maquina-motors\/#breadcrumb"},"inLanguage":"es","potentialAction":[{"@type":"ReadAction","target":["https:\/\/maquinamotors.com\/blog\/jornada-de-pruebas-suzuki-katana-en-maquina-motors\/"]}]},{"@type":"BreadcrumbList","@id":"https:\/\/maquinamotors.com\/blog\/jornada-de-pruebas-suzuki-katana-en-maquina-motors\/#breadcrumb","itemListElement":[{"@type":"ListItem","position":1,"name":"Home","item":"https:\/\/maquinamotors.com\/blog\/"},{"@type":"ListItem","position":2,"name":"Jornada de Prueba de Motos Suzuki Katana en Maquina Motors"}]},{"@type":"Person","@id":"https:\/\/maquinamotors.com\/blog\/#\/schema\/person\/89eed1f278ed42f1d95ea5e539ef5a5d","name":"Judith","image":{"@type":"ImageObject","inLanguage":"es","@id":"https:\/\/maquinamotors.com\/blog\/#\/schema\/person\/image\/","url":"https:\/\/secure.gravatar.com\/avatar\/d62088ee4e4c8e7f0734f1e70085b2889a91b0f85d2b20645e2dc287c7fd0039?s=96&d=mm&r=g","contentUrl":"https:\/\/secure.gravatar.com\/avatar\/d62088ee4e4c8e7f0734f1e70085b2889a91b0f85d2b20645e2dc287c7fd0039?s=96&d=mm&r=g","caption":"Judith"},"description":"Amante de las motos desde peque\u00f1a. Entre rutas, charlas con otros moteros y motores que suenan bien, siempre hay algo nuevo que aprender\u00a0y\u00a0compartir.","url":"https:\/\/maquinamotors.com\/blog\/author\/judith\/"}]}},"_links":{"self":[{"href":"https:\/\/maquinamotors.com\/blog\/wp-json\/wp\/v2\/posts\/681","targetHints":{"allow":["GET"]}}],"collection":[{"href":"https:\/\/maquinamotors.com\/blog\/wp-json\/wp\/v2\/posts"}],"about":[{"href":"https:\/\/maquinamotors.com\/blog\/wp-json\/wp\/v2\/types\/post"}],"author":[{"embeddable":true,"href":"https:\/\/maquinamotors.com\/blog\/wp-json\/wp\/v2\/users\/3"}],"replies":[{"embeddable":true,"href":"https:\/\/maquinamotors.com\/blog\/wp-json\/wp\/v2\/comments?post=681"}],"version-history":[{"count":15,"href":"https:\/\/maquinamotors.com\/blog\/wp-json\/wp\/v2\/posts\/681\/revisions"}],"predecessor-version":[{"id":967,"href":"https:\/\/maquinamotors.com\/blog\/wp-json\/wp\/v2\/posts\/681\/revisions\/967"}],"wp:featuredmedia":[{"embeddable":true,"href":"https:\/\/maquinamotors.com\/blog\/wp-json\/wp\/v2\/media\/899"}],"wp:attachment":[{"href":"https:\/\/maquinamotors.com\/blog\/wp-json\/wp\/v2\/media?parent=681"}],"wp:term":[{"taxonomy":"category","embeddable":true,"href":"https:\/\/maquinamotors.com\/blog\/wp-json\/wp\/v2\/categories?post=681"},{"taxonomy":"post_tag","embeddable":true,"href":"https:\/\/maquinamotors.com\/blog\/wp-json\/wp\/v2\/tags?post=681"}],"curies":[{"name":"wp","href":"https:\/\/api.w.org\/{rel}","templated":true}]}}