{"id":53,"date":"2016-04-11T00:00:00","date_gmt":"2016-04-11T00:00:00","guid":{"rendered":"http:\/\/maquinamotors.teradisk.net\/blog\/kawasaki-festival-2016-inscribete-ya\/"},"modified":"2025-11-26T12:53:05","modified_gmt":"2025-11-26T12:53:05","slug":"kawasaki-festival-2016-inscribete-ya","status":"publish","type":"post","link":"https:\/\/maquinamotors.com\/blog\/kawasaki-festival-2016-inscribete-ya\/","title":{"rendered":"KAWASAKI FESTIVAL 2016:  \u00a1INSCR\u00cdBETE YA!"},"content":{"rendered":"<p><img decoding=\"async\" title=\"Imagen promocional para el Kawasaki Festival 2016\" src=\"{{media url=\"wysiwyg\/kawasaki_festival_2015_maquina_motors.jpg\"}}\" alt=\"Kawasaki Festival 2016\" \/><\/p>\n<p><span style=\"font-size: medium;\"><strong>Maquina Motors y Kawasaki te traen el Kawasaki Festival de este 2016 que se celebrar\u00e1 el pr\u00f3ximo 1 de Mayo en el Circuito de Castellol\u00ed.\u00a0<\/strong><\/span><\/p>\n<p><span style=\"font-size: medium;\">El Kawasaki Festival es una fiesta para todo amante de la moto y, en especial, para todos aquellos que viven el motociclismo.\u00a0Este evento es un curso de conducci\u00f3n para todo tipo de motos y niveles de conducci\u00f3n. Si tienes una moto tipo Sport\/R o naked, quieres mejorar tu conducci\u00f3n y pas\u00e1rtelo bien, ap\u00fantate al Kawasaki Festival de este a\u00f1o. El curso constar\u00e1 de un parte te\u00f3rica y una parte pr\u00e1ctica en circuito, en total ser\u00e1n 4 horas de curso.<\/span><\/p>\n<p><span style=\"font-size: medium;\">Para inscribirte p\u00e1sate por nuestro nuevo concesionario Kawasaki en Maquina Motors de C\/ Consell de Cent 130 &#8211; 136 de Barcelona. Si necesitas m\u00e1s informaci\u00f3n puedes contactarnos al <strong>93 531 52 14<\/strong> o por correo a <\/span><span style=\"text-decoration: underline; color: #ff0000;\"><a style=\"font-size: medium;\" href=\"mailto:infomaquina1@maquinamotors.com\"><span style=\"color: #ff0000; text-decoration: underline;\">infokawasaki1@maquinamotors.com<\/span><\/a><\/span><span style=\"font-size: medium;\">.<\/span><\/p>\n<p style=\"text-align: center;\"><strong><span style=\"font-size: medium;\">Si eres de fuera de Barcelona, tambi\u00e9n puedes dirigirte para inscribirte a los centros <br \/>Maquina Motors de Mollet, Terrassa y Manresa.<br \/>\u00a0<\/span><\/strong>\u00a0<\/p>\n<table style=\"margin-left: auto; margin-right: auto; background-color: #2ad434;\" border=\"0\" cellpadding=\"20\" align=\"center\">\n<tbody>\n<tr>\n<td>\n<p style=\"text-align: center;\"><span style=\"color: #000000;\"><strong><span style=\"font-size: medium;\">Tres niveles de conducci\u00f3n: Iniciaci\u00f3n, Medio, Avanzado<br \/><\/span><\/strong><\/span><strong style=\"color: #000000;\"><span style=\"font-size: medium;\">Pr\u00f3ximamente informaremos de los turnos de ma\u00f1ana y de tarde.<\/span><\/strong><\/p>\n<p style=\"text-align: center;\"><strong style=\"color: #000000; font-size: x-large;\">\u00a0PRECIO DE INSCRIPCI\u00d3N CLIENTES KAWASAKI &#8211; 60\u20ac<\/strong><\/p>\n<p style=\"text-align: center;\"><span style=\"font-size: x-large; color: #000000;\"><strong>CLIENTES OTRAS MARCAS &#8211; 70\u20ac\u00a0<\/strong><\/span><\/p>\n<\/td>\n<\/tr>\n<\/tbody>\n<\/table>\n<p style=\"text-align: center;\"><strong style=\"font-size: large;\"><strong><strong><br \/>Si quieres estar informado sobre todas las novedades de Maquina Motors<br \/><\/strong><\/strong><\/strong><strong style=\"font-size: large;\"><strong><strong>no dudes en seguirnos en nuestro Facebook:\u00a0<br \/><\/strong><\/strong><\/strong><span style=\"text-decoration: underline; font-size: x-large;\"><span style=\"color: #ff0000;\"><a title=\"Kawasaki - Maquina Motors Facebook\" href=\"https:\/\/www.facebook.com\/maquinamotorskawasaki\" target=\"_blank\" rel=\"noopener noreferrer\"><span style=\"color: #ff0000; text-decoration: underline;\">Kawasaki &#8211;\u00a0Maquina Motors<\/span><\/a><\/span><\/span><\/p>\n","protected":false},"excerpt":{"rendered":"<p>Maquina Motors y Kawasaki te traen el Kawasaki Festival de este 2016 que se celebrar\u00e1 el pr\u00f3ximo 1 de Mayo en el Circuito de Castellol\u00ed.\u00a0 El Kawasaki Festival es una fiesta para todo amante de la moto y, en especial, para todos aquellos que viven el motociclismo.\u00a0Este evento es un curso de conducci\u00f3n para todo &hellip; <a href=\"https:\/\/maquinamotors.com\/blog\/kawasaki-festival-2016-inscribete-ya\/\" class=\"more-link\">Continuar leyendo<span class=\"screen-reader-text\"> \u00abKAWASAKI FESTIVAL 2016:  \u00a1INSCR\u00cdBETE YA!\u00bb<\/span><\/a><\/p>\n","protected":false},"author":3,"featured_media":254,"comment_status":"open","ping_status":"open","sticky":false,"template":"","format":"standard","meta":{"footnotes":""},"categories":[508],"tags":[636,531,640,638],"class_list":["post-53","post","type-post","status-publish","format-standard","has-post-thumbnail","hentry","category-eventos","tag-comunidad-motera","tag-kawasaki","tag-novedades","tag-presentacion"],"yoast_head":"<!-- This site is optimized with the Yoast SEO plugin v19.2 - https:\/\/yoast.com\/wordpress\/plugins\/seo\/ -->\n<title>KAWASAKI FESTIVAL 2016: \u00a1INSCR\u00cdBETE YA! - Maquina Motors<\/title>\n<meta name=\"robots\" content=\"index, follow, max-snippet:-1, max-image-preview:large, max-video-preview:-1\" \/>\n<link rel=\"canonical\" href=\"https:\/\/maquinamotors.com\/blog\/kawasaki-festival-2016-inscribete-ya\/\" \/>\n<meta property=\"og:locale\" content=\"es_ES\" \/>\n<meta property=\"og:type\" content=\"article\" \/>\n<meta property=\"og:title\" content=\"KAWASAKI FESTIVAL 2016: \u00a1INSCR\u00cdBETE YA! - Maquina Motors\" \/>\n<meta property=\"og:description\" content=\"Maquina Motors y Kawasaki te traen el Kawasaki Festival de este 2016 que se celebrar\u00e1 el pr\u00f3ximo 1 de Mayo en el Circuito de Castellol\u00ed.\u00a0 El Kawasaki Festival es una fiesta para todo amante de la moto y, en especial, para todos aquellos que viven el motociclismo.\u00a0Este evento es un curso de conducci\u00f3n para todo &hellip; Continuar leyendo &quot;KAWASAKI FESTIVAL 2016: \u00a1INSCR\u00cdBETE YA!&quot;\" \/>\n<meta property=\"og:url\" content=\"https:\/\/maquinamotors.com\/blog\/kawasaki-festival-2016-inscribete-ya\/\" \/>\n<meta property=\"og:site_name\" content=\"Maquina Motors\" \/>\n<meta property=\"article:published_time\" content=\"2016-04-11T00:00:00+00:00\" \/>\n<meta property=\"article:modified_time\" content=\"2025-11-26T12:53:05+00:00\" \/>\n<meta property=\"og:image\" content=\"https:\/\/maquinamotors.com\/blog\/wp-content\/uploads\/..\/..\/..\/pub\/media\/wysiwyg\/kawasaki_festival_2015_maquina_motors.jpg\" \/>\n\t<meta property=\"og:image:width\" content=\"1000\" \/>\n\t<meta property=\"og:image:height\" content=\"257\" \/>\n\t<meta property=\"og:image:type\" content=\"image\/jpeg\" \/>\n<meta name=\"author\" content=\"Judith\" \/>\n<meta name=\"twitter:card\" content=\"summary_large_image\" \/>\n<meta name=\"twitter:label1\" content=\"Escrito por\" \/>\n\t<meta name=\"twitter:data1\" content=\"Judith\" \/>\n\t<meta name=\"twitter:label2\" content=\"Tiempo de lectura\" \/>\n\t<meta name=\"twitter:data2\" content=\"1 minuto\" \/>\n<script type=\"application\/ld+json\" class=\"yoast-schema-graph\">{\"@context\":\"https:\/\/schema.org\",\"@graph\":[{\"@type\":\"WebSite\",\"@id\":\"https:\/\/maquinamotors.com\/blog\/#website\",\"url\":\"https:\/\/maquinamotors.com\/blog\/\",\"name\":\"Maquina Motors\",\"description\":\"Pasi\u00f3n por las motos desde 1978\",\"potentialAction\":[{\"@type\":\"SearchAction\",\"target\":{\"@type\":\"EntryPoint\",\"urlTemplate\":\"https:\/\/maquinamotors.com\/blog\/?s={search_term_string}\"},\"query-input\":\"required name=search_term_string\"}],\"inLanguage\":\"es\"},{\"@type\":\"ImageObject\",\"inLanguage\":\"es\",\"@id\":\"https:\/\/maquinamotors.com\/blog\/kawasaki-festival-2016-inscribete-ya\/#primaryimage\",\"url\":\"https:\/\/maquinamotors.com\/blog\/wp-content\/uploads\/..\/..\/..\/pub\/media\/wysiwyg\/kawasaki_festival_2015_maquina_motors.jpg\",\"contentUrl\":\"https:\/\/maquinamotors.com\/blog\/wp-content\/uploads\/..\/..\/..\/pub\/media\/wysiwyg\/kawasaki_festival_2015_maquina_motors.jpg\",\"width\":1000,\"height\":257},{\"@type\":\"WebPage\",\"@id\":\"https:\/\/maquinamotors.com\/blog\/kawasaki-festival-2016-inscribete-ya\/#webpage\",\"url\":\"https:\/\/maquinamotors.com\/blog\/kawasaki-festival-2016-inscribete-ya\/\",\"name\":\"KAWASAKI FESTIVAL 2016: \u00a1INSCR\u00cdBETE YA! - Maquina Motors\",\"isPartOf\":{\"@id\":\"https:\/\/maquinamotors.com\/blog\/#website\"},\"primaryImageOfPage\":{\"@id\":\"https:\/\/maquinamotors.com\/blog\/kawasaki-festival-2016-inscribete-ya\/#primaryimage\"},\"datePublished\":\"2016-04-11T00:00:00+00:00\",\"dateModified\":\"2025-11-26T12:53:05+00:00\",\"author\":{\"@id\":\"https:\/\/maquinamotors.com\/blog\/#\/schema\/person\/89eed1f278ed42f1d95ea5e539ef5a5d\"},\"breadcrumb\":{\"@id\":\"https:\/\/maquinamotors.com\/blog\/kawasaki-festival-2016-inscribete-ya\/#breadcrumb\"},\"inLanguage\":\"es\",\"potentialAction\":[{\"@type\":\"ReadAction\",\"target\":[\"https:\/\/maquinamotors.com\/blog\/kawasaki-festival-2016-inscribete-ya\/\"]}]},{\"@type\":\"BreadcrumbList\",\"@id\":\"https:\/\/maquinamotors.com\/blog\/kawasaki-festival-2016-inscribete-ya\/#breadcrumb\",\"itemListElement\":[{\"@type\":\"ListItem\",\"position\":1,\"name\":\"Home\",\"item\":\"https:\/\/maquinamotors.com\/blog\/\"},{\"@type\":\"ListItem\",\"position\":2,\"name\":\"KAWASAKI FESTIVAL 2016: \u00a1INSCR\u00cdBETE YA!\"}]},{\"@type\":\"Person\",\"@id\":\"https:\/\/maquinamotors.com\/blog\/#\/schema\/person\/89eed1f278ed42f1d95ea5e539ef5a5d\",\"name\":\"Judith\",\"image\":{\"@type\":\"ImageObject\",\"inLanguage\":\"es\",\"@id\":\"https:\/\/maquinamotors.com\/blog\/#\/schema\/person\/image\/\",\"url\":\"https:\/\/secure.gravatar.com\/avatar\/d62088ee4e4c8e7f0734f1e70085b2889a91b0f85d2b20645e2dc287c7fd0039?s=96&d=mm&r=g\",\"contentUrl\":\"https:\/\/secure.gravatar.com\/avatar\/d62088ee4e4c8e7f0734f1e70085b2889a91b0f85d2b20645e2dc287c7fd0039?s=96&d=mm&r=g\",\"caption\":\"Judith\"},\"description\":\"Amante de las motos desde peque\u00f1a. Entre rutas, charlas con otros moteros y motores que suenan bien, siempre hay algo nuevo que aprender\u00a0y\u00a0compartir.\",\"url\":\"https:\/\/maquinamotors.com\/blog\/author\/judith\/\"}]}<\/script>\n<!-- \/ Yoast SEO plugin. -->","yoast_head_json":{"title":"KAWASAKI FESTIVAL 2016: \u00a1INSCR\u00cdBETE YA! - Maquina Motors","robots":{"index":"index","follow":"follow","max-snippet":"max-snippet:-1","max-image-preview":"max-image-preview:large","max-video-preview":"max-video-preview:-1"},"canonical":"https:\/\/maquinamotors.com\/blog\/kawasaki-festival-2016-inscribete-ya\/","og_locale":"es_ES","og_type":"article","og_title":"KAWASAKI FESTIVAL 2016: \u00a1INSCR\u00cdBETE YA! - Maquina Motors","og_description":"Maquina Motors y Kawasaki te traen el Kawasaki Festival de este 2016 que se celebrar\u00e1 el pr\u00f3ximo 1 de Mayo en el Circuito de Castellol\u00ed.\u00a0 El Kawasaki Festival es una fiesta para todo amante de la moto y, en especial, para todos aquellos que viven el motociclismo.\u00a0Este evento es un curso de conducci\u00f3n para todo &hellip; Continuar leyendo \"KAWASAKI FESTIVAL 2016: \u00a1INSCR\u00cdBETE YA!\"","og_url":"https:\/\/maquinamotors.com\/blog\/kawasaki-festival-2016-inscribete-ya\/","og_site_name":"Maquina Motors","article_published_time":"2016-04-11T00:00:00+00:00","article_modified_time":"2025-11-26T12:53:05+00:00","og_image":[{"width":1000,"height":257,"url":"https:\/\/maquinamotors.com\/blog\/wp-content\/uploads\/..\/..\/..\/pub\/media\/wysiwyg\/kawasaki_festival_2015_maquina_motors.jpg","type":"image\/jpeg"}],"author":"Judith","twitter_card":"summary_large_image","twitter_misc":{"Escrito por":"Judith","Tiempo de lectura":"1 minuto"},"schema":{"@context":"https:\/\/schema.org","@graph":[{"@type":"WebSite","@id":"https:\/\/maquinamotors.com\/blog\/#website","url":"https:\/\/maquinamotors.com\/blog\/","name":"Maquina Motors","description":"Pasi\u00f3n por las motos desde 1978","potentialAction":[{"@type":"SearchAction","target":{"@type":"EntryPoint","urlTemplate":"https:\/\/maquinamotors.com\/blog\/?s={search_term_string}"},"query-input":"required name=search_term_string"}],"inLanguage":"es"},{"@type":"ImageObject","inLanguage":"es","@id":"https:\/\/maquinamotors.com\/blog\/kawasaki-festival-2016-inscribete-ya\/#primaryimage","url":"https:\/\/maquinamotors.com\/blog\/wp-content\/uploads\/..\/..\/..\/pub\/media\/wysiwyg\/kawasaki_festival_2015_maquina_motors.jpg","contentUrl":"https:\/\/maquinamotors.com\/blog\/wp-content\/uploads\/..\/..\/..\/pub\/media\/wysiwyg\/kawasaki_festival_2015_maquina_motors.jpg","width":1000,"height":257},{"@type":"WebPage","@id":"https:\/\/maquinamotors.com\/blog\/kawasaki-festival-2016-inscribete-ya\/#webpage","url":"https:\/\/maquinamotors.com\/blog\/kawasaki-festival-2016-inscribete-ya\/","name":"KAWASAKI FESTIVAL 2016: \u00a1INSCR\u00cdBETE YA! - Maquina Motors","isPartOf":{"@id":"https:\/\/maquinamotors.com\/blog\/#website"},"primaryImageOfPage":{"@id":"https:\/\/maquinamotors.com\/blog\/kawasaki-festival-2016-inscribete-ya\/#primaryimage"},"datePublished":"2016-04-11T00:00:00+00:00","dateModified":"2025-11-26T12:53:05+00:00","author":{"@id":"https:\/\/maquinamotors.com\/blog\/#\/schema\/person\/89eed1f278ed42f1d95ea5e539ef5a5d"},"breadcrumb":{"@id":"https:\/\/maquinamotors.com\/blog\/kawasaki-festival-2016-inscribete-ya\/#breadcrumb"},"inLanguage":"es","potentialAction":[{"@type":"ReadAction","target":["https:\/\/maquinamotors.com\/blog\/kawasaki-festival-2016-inscribete-ya\/"]}]},{"@type":"BreadcrumbList","@id":"https:\/\/maquinamotors.com\/blog\/kawasaki-festival-2016-inscribete-ya\/#breadcrumb","itemListElement":[{"@type":"ListItem","position":1,"name":"Home","item":"https:\/\/maquinamotors.com\/blog\/"},{"@type":"ListItem","position":2,"name":"KAWASAKI FESTIVAL 2016: \u00a1INSCR\u00cdBETE YA!"}]},{"@type":"Person","@id":"https:\/\/maquinamotors.com\/blog\/#\/schema\/person\/89eed1f278ed42f1d95ea5e539ef5a5d","name":"Judith","image":{"@type":"ImageObject","inLanguage":"es","@id":"https:\/\/maquinamotors.com\/blog\/#\/schema\/person\/image\/","url":"https:\/\/secure.gravatar.com\/avatar\/d62088ee4e4c8e7f0734f1e70085b2889a91b0f85d2b20645e2dc287c7fd0039?s=96&d=mm&r=g","contentUrl":"https:\/\/secure.gravatar.com\/avatar\/d62088ee4e4c8e7f0734f1e70085b2889a91b0f85d2b20645e2dc287c7fd0039?s=96&d=mm&r=g","caption":"Judith"},"description":"Amante de las motos desde peque\u00f1a. Entre rutas, charlas con otros moteros y motores que suenan bien, siempre hay algo nuevo que aprender\u00a0y\u00a0compartir.","url":"https:\/\/maquinamotors.com\/blog\/author\/judith\/"}]}},"_links":{"self":[{"href":"https:\/\/maquinamotors.com\/blog\/wp-json\/wp\/v2\/posts\/53","targetHints":{"allow":["GET"]}}],"collection":[{"href":"https:\/\/maquinamotors.com\/blog\/wp-json\/wp\/v2\/posts"}],"about":[{"href":"https:\/\/maquinamotors.com\/blog\/wp-json\/wp\/v2\/types\/post"}],"author":[{"embeddable":true,"href":"https:\/\/maquinamotors.com\/blog\/wp-json\/wp\/v2\/users\/3"}],"replies":[{"embeddable":true,"href":"https:\/\/maquinamotors.com\/blog\/wp-json\/wp\/v2\/comments?post=53"}],"version-history":[{"count":1,"href":"https:\/\/maquinamotors.com\/blog\/wp-json\/wp\/v2\/posts\/53\/revisions"}],"predecessor-version":[{"id":527,"href":"https:\/\/maquinamotors.com\/blog\/wp-json\/wp\/v2\/posts\/53\/revisions\/527"}],"wp:featuredmedia":[{"embeddable":true,"href":"https:\/\/maquinamotors.com\/blog\/wp-json\/wp\/v2\/media\/254"}],"wp:attachment":[{"href":"https:\/\/maquinamotors.com\/blog\/wp-json\/wp\/v2\/media?parent=53"}],"wp:term":[{"taxonomy":"category","embeddable":true,"href":"https:\/\/maquinamotors.com\/blog\/wp-json\/wp\/v2\/categories?post=53"},{"taxonomy":"post_tag","embeddable":true,"href":"https:\/\/maquinamotors.com\/blog\/wp-json\/wp\/v2\/tags?post=53"}],"curies":[{"name":"wp","href":"https:\/\/api.w.org\/{rel}","templated":true}]}}