{"id":51,"date":"2016-04-07T00:00:00","date_gmt":"2016-04-07T00:00:00","guid":{"rendered":"http:\/\/maquinamotors.teradisk.net\/blog\/decidim-barcelona-ahora-tambien-puedes-votar-a-favor-de-la-moto\/"},"modified":"2025-11-26T14:47:28","modified_gmt":"2025-11-26T14:47:28","slug":"decidim-barcelona-ahora-tambien-puedes-votar-a-favor-de-la-moto","status":"publish","type":"post","link":"https:\/\/maquinamotors.com\/blog\/decidim-barcelona-ahora-tambien-puedes-votar-a-favor-de-la-moto\/","title":{"rendered":"Decidim Barcelona: ahora tambi\u00e9n puedes votar a favor de la moto"},"content":{"rendered":"<h2><img decoding=\"async\" title=\"Ahora puedes hacer de Barcelona una ciudad mejor para los motoristas\" src=\"{{media url=\"wysiwyg\/barcelona-motos-vota-decidim.barcelona-actuaciocituadana-participa-maquinamotors.png\"}}\" alt=\"Ciudad de Barcelona vista desde el Parc G\u00fcell\" \/><\/h2>\n<p><span style=\"font-size: medium;\"><strong><span><br \/><\/span><\/strong><\/span><\/p>\n<p><span style=\"font-size: medium;\"><strong><span>Los motoristas tenemos la oportunidad de votar en la plataforma Decidim Barcelona como queremos que la ciudad sea y as\u00ed ganar todos en seguridad. Desde Maquina Motors queremos invitarte a que entres en la web habilitada por el Ajuntament de Barcelona y a votar por lo que nos apasiona: la moto.<\/span><\/strong><\/span><\/p>\n<p><span style=\"font-size: medium;\"><br \/><\/span><\/p>\n<p><span style=\"font-size: medium;\">A trav\u00e9s de las asociaci\u00f3n ANESDOR (Asociaci\u00f3n de Nacional de las empresas de las dos ruedas) se ha\u00a0presentado al equipo municipal 18 propuestas en beneficio de la moto y de sus usuarios.<\/span><span style=\"font-size: medium;\">\u00a0<\/span><\/p>\n<p><span style=\"font-size: medium;\"><br \/><\/span><\/p>\n<p><span style=\"font-size: medium;\">El Ayuntamiento ha habilitado una p\u00e1gina web (<a href=\"https:\/\/decidim.barcelona\/\">https:\/\/decidim.barcelona\/<\/a>) en la que se pueden votar las medidas. Las propuestas que cuenten con mayor respaldo popular ser\u00e1n estudiadas y debatidas para ser aprobadas en el Pleno del mes de Julio.<\/span><span style=\"font-size: medium;\">\u00a0<\/span><span style=\"font-size: medium;\">Las medidas presentadas pueden ser comentadas por todos los usuarios que lo deseen, pero s\u00f3lo aquellos empadronados en la ciudad son lo que tienen la posibilidad de votar. Si vives en Barcelona y vas en moto, te invitamos a que entres y votes, nosotros desde Maquina Motors ya lo hemos hecho.<\/span><\/p>\n<p><strong style=\"font-size: medium;\"><br \/><\/strong><\/p>\n<p><strong style=\"font-size: medium;\">Para votar hay que registrarse<\/strong><\/p>\n<p><span style=\"font-size: medium;\"><br \/><\/span><\/p>\n<p><span style=\"font-size: medium;\">Lo primero es crear una cuenta b\u00e1sica. Para ello, hacemos clic en el enlace <\/span><a style=\"font-size: medium;\" href=\"https:\/\/decidim.barcelona\/users\/sign_up\">https:\/\/decidim.barcelona\/users\/sign_up<\/a><span style=\"font-size: medium;\">. Rellenamos los datos que nos solicitan. Es un requisito marcar la casilla de aceptaci\u00f3n de las condiciones de uso, y rellenar correctamente el CAPTCHA (en la parte inferior del formulario se nos presenta una imagen con unas letras deformadas que tendremos que introducir en la casilla inferior como medida de seguridad; ten en cuenta la diferencia entre may\u00fasculas y min\u00fasculas). Cuando hayamos creado una nueva cuenta nos llegar\u00e1 un correo electr\u00f3nico a la direcci\u00f3n que hayamos especificado, y tendremos que hacer clic en el enlace que contiene (el enlace que pone \u00abConfirmar mi cuenta\u00bb) para finalizar la creaci\u00f3n de la cuenta.<\/span><\/p>\n<p><span style=\"font-size: medium;\"><br \/><\/span><\/p>\n<p><span style=\"font-size: medium;\">Una vez creada la cuenta b\u00e1sica, y despu\u00e9s de entrar con nuestro correo y contrase\u00f1a, el sistema nos ofrecer\u00e1 la opci\u00f3n de realizar una verificaci\u00f3n b\u00e1sica. Para hacerlo, hacemos clic en el enlace \u00abMi cuenta\u00bb de la parte superior derecha, y despu\u00e9s en el bot\u00f3n \u00abVerificar mi cuenta\u00bb. Lo primero que se nos pedir\u00e1 es que introduzcamos nuestros datos de residencia, para verificar que estamos empadronados en el municipio de Barcelona (es importante introducir el n\u00famero de documento con la letra y marcar la casilla de aceptaci\u00f3n de acceso al Padr\u00f3n). Si los datos son correctos nuestra cuenta nos permitir\u00e1 dar apoyo a las propuestas.\u201d<\/span><\/p>\n<p><strong style=\"font-size: medium;\"><br \/><\/strong><\/p>\n<p><strong style=\"font-size: medium;\">Medidas propuestas por ANESDOR<\/strong><\/p>\n<p><strong style=\"font-size: medium;\"><\/strong>1-<span style=\"color: #0000ff;\"><a href=\"https:\/\/decidim.barcelona\/proposals\/bonificacion-en-el-impuesto-de-circulacion-para-las-motos-que-menos-contaminen\"><span style=\"color: #0000ff;\">Bonificaci\u00f3n en el impuesto de circulaci\u00f3n para las motos que menos contaminen<\/span><\/a><\/span><\/p>\n<p>2-<span style=\"color: #0000ff;\"><a href=\"https:\/\/decidim.barcelona\/proposals\/bonificacion-en-el-impuesto-de-circulacion-para-las-motos-que-lleven-abs\"><span style=\"color: #0000ff;\">Bonificaci\u00f3n en el impuesto de circulaci\u00f3n para las motos que lleven ABS<\/span><\/a><\/span><\/p>\n<p>3-<span style=\"color: #0000ff;\"><a href=\"https:\/\/decidim.barcelona\/proposals\/exencion-del-peaje-a-las-motos-en-las-vias-del-area-metropolitana-de-barcelona\"><span style=\"color: #0000ff;\">Exenci\u00f3n del peaje a las motos en las v\u00edas del \u00c1rea Metropolitana de Barcelona<\/span><\/a><\/span><\/p>\n<p>4-<span style=\"color: #0000ff;\"><a href=\"https:\/\/decidim.barcelona\/proposals\/reconocer-los-beneficios-ambientales-no-incluir-a-las-motos-en-restricciones-del-trafico-por-motivos-ambientales\"><span style=\"color: #0000ff;\">Reconocer los beneficios ambientales, no incluir a las motos en restricciones del tr\u00e1fico por motivos ambientales<\/span><\/a><\/span><\/p>\n<p>5-<span style=\"color: #0000ff;\"><a href=\"https:\/\/decidim.barcelona\/proposals\/aumentar-las-reservas-de-aparcamiento-para-motos\"><span style=\"color: #0000ff;\">Aumentar las reservas de aparcamiento para motos<\/span><\/a><\/span><\/p>\n<p>6-<span style=\"color: #0000ff;\"><a href=\"https:\/\/decidim.barcelona\/proposals\/autorizar-el-uso-del-carril-bus-para-las-motos\"><span style=\"color: #0000ff;\">Autorizar el uso del carril bus para las motos<\/span><\/a><\/span><\/p>\n<p>7-<span style=\"color: #0000ff;\"><a href=\"https:\/\/decidim.barcelona\/proposals\/ampliar-el-numero-de-zonas-de-espera-avanzada-en-los-semaforos\"><span style=\"color: #0000ff;\">Ampliar el n\u00famero de zonas de espera avanzada en los sem\u00e1foros<\/span><\/a><\/span><\/p>\n<p>8-<span style=\"color: #0000ff;\"><a href=\"https:\/\/decidim.barcelona\/proposals\/creacion-de-carriles-exclusivos-para-dos-ruedas-o-ensanchamiento-de-los-tramos-previos-al-semaforo\"><span style=\"color: #0000ff;\">Creaci\u00f3n de carriles exclusivos para \u201cdos ruedas\u201d o ensanchamiento de los tramos previos al sem\u00e1foro<\/span><\/a><\/span><\/p>\n<p>9-<span style=\"color: #0000ff;\"><a href=\"https:\/\/decidim.barcelona\/proposals\/modificar-el-sistema-de-separacion-de-carriles-bici-por-otros-menos-peligrosos-para-vehiculos-de-dos-ruedas-caida-por-choque\"><span style=\"color: #0000ff;\">Modificar el sistema de separaci\u00f3n de carriles bici por otros menos peligrosos para veh\u00edculos de dos ruedas (ca\u00edda por choque)<\/span><\/a><\/span><\/p>\n<p>10-<span style=\"color: #0000ff;\"><a href=\"https:\/\/decidim.barcelona\/proposals\/revisar-la-senalizacion-y-visibilidad-en-los-cruces-no-permitiendo-aparcar-a-vehiculos-que-no-sean-de-reducidas-dimensiones-como-las-motos\"><span style=\"color: #0000ff;\">Revisar la se\u00f1alizaci\u00f3n y visibilidad en los cruces, no permitiendo aparcar a veh\u00edculos que no sean de reducidas dimensiones, como las motos<\/span><\/a><\/span><\/p>\n<p>11-<span style=\"color: #0000ff;\"><a href=\"https:\/\/decidim.barcelona\/proposals\/mejorar-la-senalizacion-anticipada-en-zonas-de-control-de-semaforo-foto-rojo-para-evitar-el-riesgo-de-alcance-por-frenada-repentina\"><span style=\"color: #0000ff;\">Mejorar la se\u00f1alizaci\u00f3n anticipada en zonas de control de sem\u00e1foro foto-rojo, para evitar el riesgo de alcance por frenada repentina<\/span><\/a><\/span><\/p>\n<p>12-<span style=\"color: #0000ff;\"><a href=\"https:\/\/decidim.barcelona\/proposals\/nuevos-semaforos-con-dispositivo-foto-rojo\"><span style=\"color: #0000ff;\">Nuevos sem\u00e1foros con dispositivo foto-rojo<\/span><\/a><\/span><\/p>\n<p>13-<span style=\"color: #0000ff;\"><a href=\"https:\/\/decidim.barcelona\/proposals\/revision-del-mobiliario-urbano-con-adecuacion-a-usuarios-vulnerables-absorcion-del-impacto-sin-aristas-etc\"><span style=\"color: #0000ff;\">Revisi\u00f3n del mobiliario urbano, con adecuaci\u00f3n a usuarios vulnerables (absorci\u00f3n del impacto, sin aristas, etc)<\/span><\/a><\/span><\/p>\n<p>14-<span style=\"color: #0000ff;\"><a href=\"https:\/\/decidim.barcelona\/proposals\/revisar-tiempos-de-transicion-ambar-rojo-y-rojo-verde-en-puntos-negros-de-accidente\"><span style=\"color: #0000ff;\">Revisar tiempos de transici\u00f3n \u00e1mbar-rojo y rojo-verde en puntos negros de accidente<\/span><\/a><\/span><\/p>\n<p>15-<span style=\"color: #0000ff;\"><a href=\"https:\/\/decidim.barcelona\/proposals\/control-sobre-el-correcto-mantenimiento-de-las-motos-itv-al-dia\"><span style=\"color: #0000ff;\">Control sobre el correcto mantenimiento de las motos, ITV al d\u00eda<\/span><\/a><\/span><\/p>\n<p>16-<span style=\"color: #0000ff;\"><a href=\"https:\/\/decidim.barcelona\/proposals\/campanas-de-convivencia-sobre-usuarios-de-la-via\"><span style=\"color: #0000ff;\">Campa\u00f1as de convivencia sobre usuarios de la v\u00eda<\/span><\/a><\/span><\/p>\n<p>17-<span style=\"color: #0000ff;\"><a href=\"https:\/\/decidim.barcelona\/proposals\/campanas-sobre-la-conduccion\"><span style=\"color: #0000ff;\">Campa\u00f1as sobre la conducci\u00f3n<\/span><\/a><\/span><\/p>\n<p>18-<span style=\"color: #0000ff;\"><a href=\"https:\/\/decidim.barcelona\/proposals\/formacion-para-conductores-infractores-a-cambio-de-reducir-parte-del-importe-de-la-multa-posible-particularizacion-sobre-reincidentes-en-determinadas-infracciones\"><span style=\"color: #0000ff;\">Formaci\u00f3n para conductores infractores, a cambio de reducir parte del importe de la multa (posible particularizaci\u00f3n sobre reincidentes en determinadas infracciones)<\/span><\/a><\/span><\/p>\n<p style=\"text-align: center;\"><span style=\"color: #0000ff;\"><span style=\"color: #0000ff;\"><br \/><\/span><\/span><\/p>\n<p style=\"text-align: center;\"><span style=\"color: #0000ff; font-size: medium;\"><span style=\"color: #0000ff;\"><strong><strong><span style=\"color: #000000;\"><strong>SI QUIERES ESTAR INFORMADO SOBRE TODAS LAS NOVEDADES DE\u00a0<br \/>MAQUINA MOTORS\u00a0<\/strong><\/span><strong><span style=\"color: #000000;\">NO DUDES EN SEGUIRNOS EN NUESTRO FACEBOOK:\u00a0<\/span><br \/><\/strong><\/strong><\/strong><\/span><\/span><span style=\"font-size: medium;\"><strong><strong><a href=\"https:\/\/www.facebook.com\/maquinamotors\/\"><strong>MAQUINA MOTORS<\/strong><\/a><\/strong><\/strong><\/span><\/p>\n","protected":false},"excerpt":{"rendered":"<p>Los motoristas tenemos la oportunidad de votar en la plataforma Decidim Barcelona como queremos que la ciudad sea y as\u00ed ganar todos en seguridad. Desde Maquina Motors queremos invitarte a que entres en la web habilitada por el Ajuntament de Barcelona y a votar por lo que nos apasiona: la moto. A trav\u00e9s de las &hellip; <a href=\"https:\/\/maquinamotors.com\/blog\/decidim-barcelona-ahora-tambien-puedes-votar-a-favor-de-la-moto\/\" class=\"more-link\">Continuar leyendo<span class=\"screen-reader-text\"> \u00abDecidim Barcelona: ahora tambi\u00e9n puedes votar a favor de la moto\u00bb<\/span><\/a><\/p>\n","protected":false},"author":3,"featured_media":255,"comment_status":"open","ping_status":"open","sticky":false,"template":"","format":"standard","meta":{"footnotes":""},"categories":[510],"tags":[619,647,622,598],"class_list":["post-51","post","type-post","status-publish","format-standard","has-post-thumbnail","hentry","category-actualidad","tag-barcelona","tag-ciudad","tag-movilidad-sostenible","tag-normativa"],"yoast_head":"<!-- This site is optimized with the Yoast SEO plugin v19.2 - https:\/\/yoast.com\/wordpress\/plugins\/seo\/ -->\n<title>Decidim Barcelona: ahora tambi\u00e9n puedes votar a favor de la moto - Maquina Motors<\/title>\n<meta name=\"robots\" content=\"index, follow, max-snippet:-1, max-image-preview:large, max-video-preview:-1\" \/>\n<link rel=\"canonical\" href=\"https:\/\/maquinamotors.com\/blog\/decidim-barcelona-ahora-tambien-puedes-votar-a-favor-de-la-moto\/\" \/>\n<meta property=\"og:locale\" content=\"es_ES\" \/>\n<meta property=\"og:type\" content=\"article\" \/>\n<meta property=\"og:title\" content=\"Decidim Barcelona: ahora tambi\u00e9n puedes votar a favor de la moto - Maquina Motors\" \/>\n<meta property=\"og:description\" content=\"Los motoristas tenemos la oportunidad de votar en la plataforma Decidim Barcelona como queremos que la ciudad sea y as\u00ed ganar todos en seguridad. Desde Maquina Motors queremos invitarte a que entres en la web habilitada por el Ajuntament de Barcelona y a votar por lo que nos apasiona: la moto. A trav\u00e9s de las &hellip; Continuar leyendo &quot;Decidim Barcelona: ahora tambi\u00e9n puedes votar a favor de la moto&quot;\" \/>\n<meta property=\"og:url\" content=\"https:\/\/maquinamotors.com\/blog\/decidim-barcelona-ahora-tambien-puedes-votar-a-favor-de-la-moto\/\" \/>\n<meta property=\"og:site_name\" content=\"Maquina Motors\" \/>\n<meta property=\"article:published_time\" content=\"2016-04-07T00:00:00+00:00\" \/>\n<meta property=\"article:modified_time\" content=\"2025-11-26T14:47:28+00:00\" \/>\n<meta property=\"og:image\" content=\"https:\/\/maquinamotors.com\/blog\/wp-content\/uploads\/..\/..\/..\/pub\/media\/wysiwyg\/barcelona-motos-vota-decidim.barcelona-actuaciocituadana-participa-maquinamotors.png\" \/>\n\t<meta property=\"og:image:width\" content=\"1000\" \/>\n\t<meta property=\"og:image:height\" content=\"480\" \/>\n\t<meta property=\"og:image:type\" content=\"image\/png\" \/>\n<meta name=\"author\" content=\"Judith\" \/>\n<meta name=\"twitter:card\" content=\"summary_large_image\" \/>\n<meta name=\"twitter:label1\" content=\"Escrito por\" \/>\n\t<meta name=\"twitter:data1\" content=\"Judith\" \/>\n\t<meta name=\"twitter:label2\" content=\"Tiempo de lectura\" \/>\n\t<meta name=\"twitter:data2\" content=\"4 minutos\" \/>\n<script type=\"application\/ld+json\" class=\"yoast-schema-graph\">{\"@context\":\"https:\/\/schema.org\",\"@graph\":[{\"@type\":\"WebSite\",\"@id\":\"https:\/\/maquinamotors.com\/blog\/#website\",\"url\":\"https:\/\/maquinamotors.com\/blog\/\",\"name\":\"Maquina Motors\",\"description\":\"Pasi\u00f3n por las motos desde 1978\",\"potentialAction\":[{\"@type\":\"SearchAction\",\"target\":{\"@type\":\"EntryPoint\",\"urlTemplate\":\"https:\/\/maquinamotors.com\/blog\/?s={search_term_string}\"},\"query-input\":\"required name=search_term_string\"}],\"inLanguage\":\"es\"},{\"@type\":\"ImageObject\",\"inLanguage\":\"es\",\"@id\":\"https:\/\/maquinamotors.com\/blog\/decidim-barcelona-ahora-tambien-puedes-votar-a-favor-de-la-moto\/#primaryimage\",\"url\":\"https:\/\/maquinamotors.com\/blog\/wp-content\/uploads\/..\/..\/..\/pub\/media\/wysiwyg\/barcelona-motos-vota-decidim.barcelona-actuaciocituadana-participa-maquinamotors.png\",\"contentUrl\":\"https:\/\/maquinamotors.com\/blog\/wp-content\/uploads\/..\/..\/..\/pub\/media\/wysiwyg\/barcelona-motos-vota-decidim.barcelona-actuaciocituadana-participa-maquinamotors.png\",\"width\":1000,\"height\":480},{\"@type\":\"WebPage\",\"@id\":\"https:\/\/maquinamotors.com\/blog\/decidim-barcelona-ahora-tambien-puedes-votar-a-favor-de-la-moto\/#webpage\",\"url\":\"https:\/\/maquinamotors.com\/blog\/decidim-barcelona-ahora-tambien-puedes-votar-a-favor-de-la-moto\/\",\"name\":\"Decidim Barcelona: ahora tambi\u00e9n puedes votar a favor de la moto - Maquina Motors\",\"isPartOf\":{\"@id\":\"https:\/\/maquinamotors.com\/blog\/#website\"},\"primaryImageOfPage\":{\"@id\":\"https:\/\/maquinamotors.com\/blog\/decidim-barcelona-ahora-tambien-puedes-votar-a-favor-de-la-moto\/#primaryimage\"},\"datePublished\":\"2016-04-07T00:00:00+00:00\",\"dateModified\":\"2025-11-26T14:47:28+00:00\",\"author\":{\"@id\":\"https:\/\/maquinamotors.com\/blog\/#\/schema\/person\/89eed1f278ed42f1d95ea5e539ef5a5d\"},\"breadcrumb\":{\"@id\":\"https:\/\/maquinamotors.com\/blog\/decidim-barcelona-ahora-tambien-puedes-votar-a-favor-de-la-moto\/#breadcrumb\"},\"inLanguage\":\"es\",\"potentialAction\":[{\"@type\":\"ReadAction\",\"target\":[\"https:\/\/maquinamotors.com\/blog\/decidim-barcelona-ahora-tambien-puedes-votar-a-favor-de-la-moto\/\"]}]},{\"@type\":\"BreadcrumbList\",\"@id\":\"https:\/\/maquinamotors.com\/blog\/decidim-barcelona-ahora-tambien-puedes-votar-a-favor-de-la-moto\/#breadcrumb\",\"itemListElement\":[{\"@type\":\"ListItem\",\"position\":1,\"name\":\"Home\",\"item\":\"https:\/\/maquinamotors.com\/blog\/\"},{\"@type\":\"ListItem\",\"position\":2,\"name\":\"Decidim Barcelona: ahora tambi\u00e9n puedes votar a favor de la moto\"}]},{\"@type\":\"Person\",\"@id\":\"https:\/\/maquinamotors.com\/blog\/#\/schema\/person\/89eed1f278ed42f1d95ea5e539ef5a5d\",\"name\":\"Judith\",\"image\":{\"@type\":\"ImageObject\",\"inLanguage\":\"es\",\"@id\":\"https:\/\/maquinamotors.com\/blog\/#\/schema\/person\/image\/\",\"url\":\"https:\/\/secure.gravatar.com\/avatar\/d62088ee4e4c8e7f0734f1e70085b2889a91b0f85d2b20645e2dc287c7fd0039?s=96&d=mm&r=g\",\"contentUrl\":\"https:\/\/secure.gravatar.com\/avatar\/d62088ee4e4c8e7f0734f1e70085b2889a91b0f85d2b20645e2dc287c7fd0039?s=96&d=mm&r=g\",\"caption\":\"Judith\"},\"description\":\"Amante de las motos desde peque\u00f1a. Entre rutas, charlas con otros moteros y motores que suenan bien, siempre hay algo nuevo que aprender\u00a0y\u00a0compartir.\",\"url\":\"https:\/\/maquinamotors.com\/blog\/author\/judith\/\"}]}<\/script>\n<!-- \/ Yoast SEO plugin. -->","yoast_head_json":{"title":"Decidim Barcelona: ahora tambi\u00e9n puedes votar a favor de la moto - Maquina Motors","robots":{"index":"index","follow":"follow","max-snippet":"max-snippet:-1","max-image-preview":"max-image-preview:large","max-video-preview":"max-video-preview:-1"},"canonical":"https:\/\/maquinamotors.com\/blog\/decidim-barcelona-ahora-tambien-puedes-votar-a-favor-de-la-moto\/","og_locale":"es_ES","og_type":"article","og_title":"Decidim Barcelona: ahora tambi\u00e9n puedes votar a favor de la moto - Maquina Motors","og_description":"Los motoristas tenemos la oportunidad de votar en la plataforma Decidim Barcelona como queremos que la ciudad sea y as\u00ed ganar todos en seguridad. Desde Maquina Motors queremos invitarte a que entres en la web habilitada por el Ajuntament de Barcelona y a votar por lo que nos apasiona: la moto. A trav\u00e9s de las &hellip; Continuar leyendo \"Decidim Barcelona: ahora tambi\u00e9n puedes votar a favor de la moto\"","og_url":"https:\/\/maquinamotors.com\/blog\/decidim-barcelona-ahora-tambien-puedes-votar-a-favor-de-la-moto\/","og_site_name":"Maquina Motors","article_published_time":"2016-04-07T00:00:00+00:00","article_modified_time":"2025-11-26T14:47:28+00:00","og_image":[{"width":1000,"height":480,"url":"https:\/\/maquinamotors.com\/blog\/wp-content\/uploads\/..\/..\/..\/pub\/media\/wysiwyg\/barcelona-motos-vota-decidim.barcelona-actuaciocituadana-participa-maquinamotors.png","type":"image\/png"}],"author":"Judith","twitter_card":"summary_large_image","twitter_misc":{"Escrito por":"Judith","Tiempo de lectura":"4 minutos"},"schema":{"@context":"https:\/\/schema.org","@graph":[{"@type":"WebSite","@id":"https:\/\/maquinamotors.com\/blog\/#website","url":"https:\/\/maquinamotors.com\/blog\/","name":"Maquina Motors","description":"Pasi\u00f3n por las motos desde 1978","potentialAction":[{"@type":"SearchAction","target":{"@type":"EntryPoint","urlTemplate":"https:\/\/maquinamotors.com\/blog\/?s={search_term_string}"},"query-input":"required name=search_term_string"}],"inLanguage":"es"},{"@type":"ImageObject","inLanguage":"es","@id":"https:\/\/maquinamotors.com\/blog\/decidim-barcelona-ahora-tambien-puedes-votar-a-favor-de-la-moto\/#primaryimage","url":"https:\/\/maquinamotors.com\/blog\/wp-content\/uploads\/..\/..\/..\/pub\/media\/wysiwyg\/barcelona-motos-vota-decidim.barcelona-actuaciocituadana-participa-maquinamotors.png","contentUrl":"https:\/\/maquinamotors.com\/blog\/wp-content\/uploads\/..\/..\/..\/pub\/media\/wysiwyg\/barcelona-motos-vota-decidim.barcelona-actuaciocituadana-participa-maquinamotors.png","width":1000,"height":480},{"@type":"WebPage","@id":"https:\/\/maquinamotors.com\/blog\/decidim-barcelona-ahora-tambien-puedes-votar-a-favor-de-la-moto\/#webpage","url":"https:\/\/maquinamotors.com\/blog\/decidim-barcelona-ahora-tambien-puedes-votar-a-favor-de-la-moto\/","name":"Decidim Barcelona: ahora tambi\u00e9n puedes votar a favor de la moto - Maquina Motors","isPartOf":{"@id":"https:\/\/maquinamotors.com\/blog\/#website"},"primaryImageOfPage":{"@id":"https:\/\/maquinamotors.com\/blog\/decidim-barcelona-ahora-tambien-puedes-votar-a-favor-de-la-moto\/#primaryimage"},"datePublished":"2016-04-07T00:00:00+00:00","dateModified":"2025-11-26T14:47:28+00:00","author":{"@id":"https:\/\/maquinamotors.com\/blog\/#\/schema\/person\/89eed1f278ed42f1d95ea5e539ef5a5d"},"breadcrumb":{"@id":"https:\/\/maquinamotors.com\/blog\/decidim-barcelona-ahora-tambien-puedes-votar-a-favor-de-la-moto\/#breadcrumb"},"inLanguage":"es","potentialAction":[{"@type":"ReadAction","target":["https:\/\/maquinamotors.com\/blog\/decidim-barcelona-ahora-tambien-puedes-votar-a-favor-de-la-moto\/"]}]},{"@type":"BreadcrumbList","@id":"https:\/\/maquinamotors.com\/blog\/decidim-barcelona-ahora-tambien-puedes-votar-a-favor-de-la-moto\/#breadcrumb","itemListElement":[{"@type":"ListItem","position":1,"name":"Home","item":"https:\/\/maquinamotors.com\/blog\/"},{"@type":"ListItem","position":2,"name":"Decidim Barcelona: ahora tambi\u00e9n puedes votar a favor de la moto"}]},{"@type":"Person","@id":"https:\/\/maquinamotors.com\/blog\/#\/schema\/person\/89eed1f278ed42f1d95ea5e539ef5a5d","name":"Judith","image":{"@type":"ImageObject","inLanguage":"es","@id":"https:\/\/maquinamotors.com\/blog\/#\/schema\/person\/image\/","url":"https:\/\/secure.gravatar.com\/avatar\/d62088ee4e4c8e7f0734f1e70085b2889a91b0f85d2b20645e2dc287c7fd0039?s=96&d=mm&r=g","contentUrl":"https:\/\/secure.gravatar.com\/avatar\/d62088ee4e4c8e7f0734f1e70085b2889a91b0f85d2b20645e2dc287c7fd0039?s=96&d=mm&r=g","caption":"Judith"},"description":"Amante de las motos desde peque\u00f1a. Entre rutas, charlas con otros moteros y motores que suenan bien, siempre hay algo nuevo que aprender\u00a0y\u00a0compartir.","url":"https:\/\/maquinamotors.com\/blog\/author\/judith\/"}]}},"_links":{"self":[{"href":"https:\/\/maquinamotors.com\/blog\/wp-json\/wp\/v2\/posts\/51","targetHints":{"allow":["GET"]}}],"collection":[{"href":"https:\/\/maquinamotors.com\/blog\/wp-json\/wp\/v2\/posts"}],"about":[{"href":"https:\/\/maquinamotors.com\/blog\/wp-json\/wp\/v2\/types\/post"}],"author":[{"embeddable":true,"href":"https:\/\/maquinamotors.com\/blog\/wp-json\/wp\/v2\/users\/3"}],"replies":[{"embeddable":true,"href":"https:\/\/maquinamotors.com\/blog\/wp-json\/wp\/v2\/comments?post=51"}],"version-history":[{"count":1,"href":"https:\/\/maquinamotors.com\/blog\/wp-json\/wp\/v2\/posts\/51\/revisions"}],"predecessor-version":[{"id":528,"href":"https:\/\/maquinamotors.com\/blog\/wp-json\/wp\/v2\/posts\/51\/revisions\/528"}],"wp:featuredmedia":[{"embeddable":true,"href":"https:\/\/maquinamotors.com\/blog\/wp-json\/wp\/v2\/media\/255"}],"wp:attachment":[{"href":"https:\/\/maquinamotors.com\/blog\/wp-json\/wp\/v2\/media?parent=51"}],"wp:term":[{"taxonomy":"category","embeddable":true,"href":"https:\/\/maquinamotors.com\/blog\/wp-json\/wp\/v2\/categories?post=51"},{"taxonomy":"post_tag","embeddable":true,"href":"https:\/\/maquinamotors.com\/blog\/wp-json\/wp\/v2\/tags?post=51"}],"curies":[{"name":"wp","href":"https:\/\/api.w.org\/{rel}","templated":true}]}}