{"id":50,"date":"2016-04-01T00:00:00","date_gmt":"2016-04-01T00:00:00","guid":{"rendered":"http:\/\/maquinamotors.teradisk.net\/blog\/ven-al-gran-estreno-de-ktm-en-el-motogp-de-austria\/"},"modified":"2025-11-26T12:53:31","modified_gmt":"2025-11-26T12:53:31","slug":"ven-al-gran-estreno-de-ktm-en-el-motogp-de-austria","status":"publish","type":"post","link":"https:\/\/maquinamotors.com\/blog\/ven-al-gran-estreno-de-ktm-en-el-motogp-de-austria\/","title":{"rendered":"Ven al gran estreno de Ktm en el MotoGP de Austria"},"content":{"rendered":"<p><img decoding=\"async\" title=\"VEN AL GRAN ESTRENO DE KTM EN EL MOTO GP DE AUSTRIA\" src=\"{{media url=\"wysiwyg\/motogp-ktm-austria-granpremio-motociclismo-motor-motos-maquinamotors-presentacion.png\"}}\" alt=\"Presentaci\u00f3n de Ktm para el MotoGP 3017\" \/><\/p>\n<p><span style=\"font-size: medium;\">En\u00a0<strong>Maquina Motors Manresa<\/strong>\u00a0y\u00a0<strong>Maquina Motors Mollet<\/strong>\u00a0ya tienes disponibles los\u00a0<strong>KTM FAN PACKAGE para el GP DE AUSTRIA<\/strong>, un pack que se ha creado especialmente para esta ocasi\u00f3n, y que te permitir\u00e1 asistir a la presentaci\u00f3n de KTM en el MOTOGP del pr\u00f3ximo 12 al 14 de agosto en el\u00a0\u00a0 Circuito Red Bull Ring.<\/span><\/p>\n<p><span style=\"font-size: medium;\">A continuaci\u00f3n te indicamos lo que incluye el pack:\u00a0<\/span><\/p>\n<p><span style=\"font-size: medium;\">&#8211; Entrada para los 3 d\u00edas del evento<\/span><\/p>\n<p><span style=\"font-size: medium;\">&#8211; Asiento reservado en la Tribuna KTM<\/span><\/p>\n<p><span style=\"font-size: medium;\">&#8211; Camiseta conmemorativa del GP<\/span><\/p>\n<p><span style=\"font-size: medium;\">&#8211; Gorra conmemorativa del GP<\/span><\/p>\n<p><span style=\"font-size: medium;\">&#8211; Lanyard KTM<\/span><\/p>\n<p><span style=\"font-size: medium;\">&#8211; Parking exclusivo para motocicletas el dia de la carrera<\/span><\/p>\n<p><span style=\"font-size: medium;\">&#8211; 1 Cup\u00f3n de Comida y bebida para el dia de la carrera<\/span><\/p>\n<p><strong style=\"font-size: medium;\">Este pack tiene un precio de 179\u20ac<\/strong><span style=\"font-size: medium;\"> por persona y lo puedes adquirir en cualquiera de nuestros concesionarios KTM. Te dejamos el correo electr\u00f3nico de contacto para solicitar m\u00e1s informaci\u00f3n.\u00a0<\/span><\/p>\n<p><strong><span style=\"font-size: medium;\"><br \/><\/span><\/strong><\/p>\n<p><strong><span style=\"font-size: medium;\">Saludos Naranjas !!!<br \/>\u00a0<\/span><\/strong><\/p>\n<p style=\"text-align: center;\"><span style=\"font-size: medium;\"><strong>MAQUINA MOTORS MOLLET:<span style=\"color: #0000ff;\"> <a href=\"mailto:infomollet@maquinamotors.com\"><span style=\"color: #0000ff;\">infomollet@maquinamotors.com<\/span><\/a><\/span><\/strong><\/span><\/p>\n<p style=\"text-align: center;\"><span style=\"font-size: medium;\"><strong>MAQUINA MOTORS MANRESA: <span style=\"color: #0000ff;\"><a href=\"mailto:%20infomanresa@maquinamotors.com\"><span style=\"color: #0000ff;\">infomanresa@maquinamotors.com<\/span><\/a><\/span><\/strong><\/span><\/p>\n<p>\u00a0<\/p>\n<p style=\"text-align: center;\"><strong><span style=\"font-size: medium;\"><strong><strong>SI QUIERES ESTAR INFORMADO SOBRE TODAS LAS NOVEDADES DE <br \/>MAQUINA MOTORS\u00a0<\/strong><strong>NO DUDES EN SEGUIRNOS EN NUESTRO FACEBOOK:\u00a0<br \/><\/strong><span style=\"color: #0000ff;\"><a href=\"http:\/\/facebook.com\/KTMmaquinamortors\"><span style=\"color: #0000ff;\"><strong>KTM &#8211;\u00a0MAQUINA MOTORS<\/strong><\/span><\/a><\/span><\/strong><\/span><\/strong><\/p>\n","protected":false},"excerpt":{"rendered":"<p>En\u00a0Maquina Motors Manresa\u00a0y\u00a0Maquina Motors Mollet\u00a0ya tienes disponibles los\u00a0KTM FAN PACKAGE para el GP DE AUSTRIA, un pack que se ha creado especialmente para esta ocasi\u00f3n, y que te permitir\u00e1 asistir a la presentaci\u00f3n de KTM en el MOTOGP del pr\u00f3ximo 12 al 14 de agosto en el\u00a0\u00a0 Circuito Red Bull Ring. A continuaci\u00f3n te indicamos &hellip; <a href=\"https:\/\/maquinamotors.com\/blog\/ven-al-gran-estreno-de-ktm-en-el-motogp-de-austria\/\" class=\"more-link\">Continuar leyendo<span class=\"screen-reader-text\"> \u00abVen al gran estreno de Ktm en el MotoGP de Austria\u00bb<\/span><\/a><\/p>\n","protected":false},"author":3,"featured_media":256,"comment_status":"open","ping_status":"open","sticky":false,"template":"","format":"standard","meta":{"footnotes":""},"categories":[508],"tags":[636,637,530,564],"class_list":["post-50","post","type-post","status-publish","format-standard","has-post-thumbnail","hentry","category-eventos","tag-comunidad-motera","tag-experiencia","tag-ktm","tag-motogp"],"yoast_head":"<!-- This site is optimized with the Yoast SEO plugin v19.2 - https:\/\/yoast.com\/wordpress\/plugins\/seo\/ -->\n<title>Ven al gran estreno de Ktm en el MotoGP de Austria - Maquina Motors<\/title>\n<meta name=\"robots\" content=\"index, follow, max-snippet:-1, max-image-preview:large, max-video-preview:-1\" \/>\n<link rel=\"canonical\" href=\"https:\/\/maquinamotors.com\/blog\/ven-al-gran-estreno-de-ktm-en-el-motogp-de-austria\/\" \/>\n<meta property=\"og:locale\" content=\"es_ES\" \/>\n<meta property=\"og:type\" content=\"article\" \/>\n<meta property=\"og:title\" content=\"Ven al gran estreno de Ktm en el MotoGP de Austria - Maquina Motors\" \/>\n<meta property=\"og:description\" content=\"En\u00a0Maquina Motors Manresa\u00a0y\u00a0Maquina Motors Mollet\u00a0ya tienes disponibles los\u00a0KTM FAN PACKAGE para el GP DE AUSTRIA, un pack que se ha creado especialmente para esta ocasi\u00f3n, y que te permitir\u00e1 asistir a la presentaci\u00f3n de KTM en el MOTOGP del pr\u00f3ximo 12 al 14 de agosto en el\u00a0\u00a0 Circuito Red Bull Ring. A continuaci\u00f3n te indicamos &hellip; Continuar leyendo &quot;Ven al gran estreno de Ktm en el MotoGP de Austria&quot;\" \/>\n<meta property=\"og:url\" content=\"https:\/\/maquinamotors.com\/blog\/ven-al-gran-estreno-de-ktm-en-el-motogp-de-austria\/\" \/>\n<meta property=\"og:site_name\" content=\"Maquina Motors\" \/>\n<meta property=\"article:published_time\" content=\"2016-04-01T00:00:00+00:00\" \/>\n<meta property=\"article:modified_time\" content=\"2025-11-26T12:53:31+00:00\" \/>\n<meta property=\"og:image\" content=\"https:\/\/maquinamotors.com\/blog\/wp-content\/uploads\/..\/..\/..\/pub\/media\/wysiwyg\/motogp-ktm-austria-granpremio-motociclismo-motor-motos-maquinamotors-presentacion.png\" \/>\n\t<meta property=\"og:image:width\" content=\"1000\" \/>\n\t<meta property=\"og:image:height\" content=\"312\" \/>\n\t<meta property=\"og:image:type\" content=\"image\/png\" \/>\n<meta name=\"author\" content=\"Judith\" \/>\n<meta name=\"twitter:card\" content=\"summary_large_image\" \/>\n<meta name=\"twitter:label1\" content=\"Escrito por\" \/>\n\t<meta name=\"twitter:data1\" content=\"Judith\" \/>\n\t<meta name=\"twitter:label2\" content=\"Tiempo de lectura\" \/>\n\t<meta name=\"twitter:data2\" content=\"1 minuto\" \/>\n<script type=\"application\/ld+json\" class=\"yoast-schema-graph\">{\"@context\":\"https:\/\/schema.org\",\"@graph\":[{\"@type\":\"WebSite\",\"@id\":\"https:\/\/maquinamotors.com\/blog\/#website\",\"url\":\"https:\/\/maquinamotors.com\/blog\/\",\"name\":\"Maquina Motors\",\"description\":\"Pasi\u00f3n por las motos desde 1978\",\"potentialAction\":[{\"@type\":\"SearchAction\",\"target\":{\"@type\":\"EntryPoint\",\"urlTemplate\":\"https:\/\/maquinamotors.com\/blog\/?s={search_term_string}\"},\"query-input\":\"required name=search_term_string\"}],\"inLanguage\":\"es\"},{\"@type\":\"ImageObject\",\"inLanguage\":\"es\",\"@id\":\"https:\/\/maquinamotors.com\/blog\/ven-al-gran-estreno-de-ktm-en-el-motogp-de-austria\/#primaryimage\",\"url\":\"https:\/\/maquinamotors.com\/blog\/wp-content\/uploads\/..\/..\/..\/pub\/media\/wysiwyg\/motogp-ktm-austria-granpremio-motociclismo-motor-motos-maquinamotors-presentacion.png\",\"contentUrl\":\"https:\/\/maquinamotors.com\/blog\/wp-content\/uploads\/..\/..\/..\/pub\/media\/wysiwyg\/motogp-ktm-austria-granpremio-motociclismo-motor-motos-maquinamotors-presentacion.png\",\"width\":1000,\"height\":312},{\"@type\":\"WebPage\",\"@id\":\"https:\/\/maquinamotors.com\/blog\/ven-al-gran-estreno-de-ktm-en-el-motogp-de-austria\/#webpage\",\"url\":\"https:\/\/maquinamotors.com\/blog\/ven-al-gran-estreno-de-ktm-en-el-motogp-de-austria\/\",\"name\":\"Ven al gran estreno de Ktm en el MotoGP de Austria - Maquina Motors\",\"isPartOf\":{\"@id\":\"https:\/\/maquinamotors.com\/blog\/#website\"},\"primaryImageOfPage\":{\"@id\":\"https:\/\/maquinamotors.com\/blog\/ven-al-gran-estreno-de-ktm-en-el-motogp-de-austria\/#primaryimage\"},\"datePublished\":\"2016-04-01T00:00:00+00:00\",\"dateModified\":\"2025-11-26T12:53:31+00:00\",\"author\":{\"@id\":\"https:\/\/maquinamotors.com\/blog\/#\/schema\/person\/89eed1f278ed42f1d95ea5e539ef5a5d\"},\"breadcrumb\":{\"@id\":\"https:\/\/maquinamotors.com\/blog\/ven-al-gran-estreno-de-ktm-en-el-motogp-de-austria\/#breadcrumb\"},\"inLanguage\":\"es\",\"potentialAction\":[{\"@type\":\"ReadAction\",\"target\":[\"https:\/\/maquinamotors.com\/blog\/ven-al-gran-estreno-de-ktm-en-el-motogp-de-austria\/\"]}]},{\"@type\":\"BreadcrumbList\",\"@id\":\"https:\/\/maquinamotors.com\/blog\/ven-al-gran-estreno-de-ktm-en-el-motogp-de-austria\/#breadcrumb\",\"itemListElement\":[{\"@type\":\"ListItem\",\"position\":1,\"name\":\"Home\",\"item\":\"https:\/\/maquinamotors.com\/blog\/\"},{\"@type\":\"ListItem\",\"position\":2,\"name\":\"Ven al gran estreno de Ktm en el MotoGP de Austria\"}]},{\"@type\":\"Person\",\"@id\":\"https:\/\/maquinamotors.com\/blog\/#\/schema\/person\/89eed1f278ed42f1d95ea5e539ef5a5d\",\"name\":\"Judith\",\"image\":{\"@type\":\"ImageObject\",\"inLanguage\":\"es\",\"@id\":\"https:\/\/maquinamotors.com\/blog\/#\/schema\/person\/image\/\",\"url\":\"https:\/\/secure.gravatar.com\/avatar\/d62088ee4e4c8e7f0734f1e70085b2889a91b0f85d2b20645e2dc287c7fd0039?s=96&d=mm&r=g\",\"contentUrl\":\"https:\/\/secure.gravatar.com\/avatar\/d62088ee4e4c8e7f0734f1e70085b2889a91b0f85d2b20645e2dc287c7fd0039?s=96&d=mm&r=g\",\"caption\":\"Judith\"},\"description\":\"Amante de las motos desde peque\u00f1a. Entre rutas, charlas con otros moteros y motores que suenan bien, siempre hay algo nuevo que aprender\u00a0y\u00a0compartir.\",\"url\":\"https:\/\/maquinamotors.com\/blog\/author\/judith\/\"}]}<\/script>\n<!-- \/ Yoast SEO plugin. -->","yoast_head_json":{"title":"Ven al gran estreno de Ktm en el MotoGP de Austria - Maquina Motors","robots":{"index":"index","follow":"follow","max-snippet":"max-snippet:-1","max-image-preview":"max-image-preview:large","max-video-preview":"max-video-preview:-1"},"canonical":"https:\/\/maquinamotors.com\/blog\/ven-al-gran-estreno-de-ktm-en-el-motogp-de-austria\/","og_locale":"es_ES","og_type":"article","og_title":"Ven al gran estreno de Ktm en el MotoGP de Austria - Maquina Motors","og_description":"En\u00a0Maquina Motors Manresa\u00a0y\u00a0Maquina Motors Mollet\u00a0ya tienes disponibles los\u00a0KTM FAN PACKAGE para el GP DE AUSTRIA, un pack que se ha creado especialmente para esta ocasi\u00f3n, y que te permitir\u00e1 asistir a la presentaci\u00f3n de KTM en el MOTOGP del pr\u00f3ximo 12 al 14 de agosto en el\u00a0\u00a0 Circuito Red Bull Ring. A continuaci\u00f3n te indicamos &hellip; Continuar leyendo \"Ven al gran estreno de Ktm en el MotoGP de Austria\"","og_url":"https:\/\/maquinamotors.com\/blog\/ven-al-gran-estreno-de-ktm-en-el-motogp-de-austria\/","og_site_name":"Maquina Motors","article_published_time":"2016-04-01T00:00:00+00:00","article_modified_time":"2025-11-26T12:53:31+00:00","og_image":[{"width":1000,"height":312,"url":"https:\/\/maquinamotors.com\/blog\/wp-content\/uploads\/..\/..\/..\/pub\/media\/wysiwyg\/motogp-ktm-austria-granpremio-motociclismo-motor-motos-maquinamotors-presentacion.png","type":"image\/png"}],"author":"Judith","twitter_card":"summary_large_image","twitter_misc":{"Escrito por":"Judith","Tiempo de lectura":"1 minuto"},"schema":{"@context":"https:\/\/schema.org","@graph":[{"@type":"WebSite","@id":"https:\/\/maquinamotors.com\/blog\/#website","url":"https:\/\/maquinamotors.com\/blog\/","name":"Maquina Motors","description":"Pasi\u00f3n por las motos desde 1978","potentialAction":[{"@type":"SearchAction","target":{"@type":"EntryPoint","urlTemplate":"https:\/\/maquinamotors.com\/blog\/?s={search_term_string}"},"query-input":"required name=search_term_string"}],"inLanguage":"es"},{"@type":"ImageObject","inLanguage":"es","@id":"https:\/\/maquinamotors.com\/blog\/ven-al-gran-estreno-de-ktm-en-el-motogp-de-austria\/#primaryimage","url":"https:\/\/maquinamotors.com\/blog\/wp-content\/uploads\/..\/..\/..\/pub\/media\/wysiwyg\/motogp-ktm-austria-granpremio-motociclismo-motor-motos-maquinamotors-presentacion.png","contentUrl":"https:\/\/maquinamotors.com\/blog\/wp-content\/uploads\/..\/..\/..\/pub\/media\/wysiwyg\/motogp-ktm-austria-granpremio-motociclismo-motor-motos-maquinamotors-presentacion.png","width":1000,"height":312},{"@type":"WebPage","@id":"https:\/\/maquinamotors.com\/blog\/ven-al-gran-estreno-de-ktm-en-el-motogp-de-austria\/#webpage","url":"https:\/\/maquinamotors.com\/blog\/ven-al-gran-estreno-de-ktm-en-el-motogp-de-austria\/","name":"Ven al gran estreno de Ktm en el MotoGP de Austria - Maquina Motors","isPartOf":{"@id":"https:\/\/maquinamotors.com\/blog\/#website"},"primaryImageOfPage":{"@id":"https:\/\/maquinamotors.com\/blog\/ven-al-gran-estreno-de-ktm-en-el-motogp-de-austria\/#primaryimage"},"datePublished":"2016-04-01T00:00:00+00:00","dateModified":"2025-11-26T12:53:31+00:00","author":{"@id":"https:\/\/maquinamotors.com\/blog\/#\/schema\/person\/89eed1f278ed42f1d95ea5e539ef5a5d"},"breadcrumb":{"@id":"https:\/\/maquinamotors.com\/blog\/ven-al-gran-estreno-de-ktm-en-el-motogp-de-austria\/#breadcrumb"},"inLanguage":"es","potentialAction":[{"@type":"ReadAction","target":["https:\/\/maquinamotors.com\/blog\/ven-al-gran-estreno-de-ktm-en-el-motogp-de-austria\/"]}]},{"@type":"BreadcrumbList","@id":"https:\/\/maquinamotors.com\/blog\/ven-al-gran-estreno-de-ktm-en-el-motogp-de-austria\/#breadcrumb","itemListElement":[{"@type":"ListItem","position":1,"name":"Home","item":"https:\/\/maquinamotors.com\/blog\/"},{"@type":"ListItem","position":2,"name":"Ven al gran estreno de Ktm en el MotoGP de Austria"}]},{"@type":"Person","@id":"https:\/\/maquinamotors.com\/blog\/#\/schema\/person\/89eed1f278ed42f1d95ea5e539ef5a5d","name":"Judith","image":{"@type":"ImageObject","inLanguage":"es","@id":"https:\/\/maquinamotors.com\/blog\/#\/schema\/person\/image\/","url":"https:\/\/secure.gravatar.com\/avatar\/d62088ee4e4c8e7f0734f1e70085b2889a91b0f85d2b20645e2dc287c7fd0039?s=96&d=mm&r=g","contentUrl":"https:\/\/secure.gravatar.com\/avatar\/d62088ee4e4c8e7f0734f1e70085b2889a91b0f85d2b20645e2dc287c7fd0039?s=96&d=mm&r=g","caption":"Judith"},"description":"Amante de las motos desde peque\u00f1a. Entre rutas, charlas con otros moteros y motores que suenan bien, siempre hay algo nuevo que aprender\u00a0y\u00a0compartir.","url":"https:\/\/maquinamotors.com\/blog\/author\/judith\/"}]}},"_links":{"self":[{"href":"https:\/\/maquinamotors.com\/blog\/wp-json\/wp\/v2\/posts\/50","targetHints":{"allow":["GET"]}}],"collection":[{"href":"https:\/\/maquinamotors.com\/blog\/wp-json\/wp\/v2\/posts"}],"about":[{"href":"https:\/\/maquinamotors.com\/blog\/wp-json\/wp\/v2\/types\/post"}],"author":[{"embeddable":true,"href":"https:\/\/maquinamotors.com\/blog\/wp-json\/wp\/v2\/users\/3"}],"replies":[{"embeddable":true,"href":"https:\/\/maquinamotors.com\/blog\/wp-json\/wp\/v2\/comments?post=50"}],"version-history":[{"count":1,"href":"https:\/\/maquinamotors.com\/blog\/wp-json\/wp\/v2\/posts\/50\/revisions"}],"predecessor-version":[{"id":529,"href":"https:\/\/maquinamotors.com\/blog\/wp-json\/wp\/v2\/posts\/50\/revisions\/529"}],"wp:featuredmedia":[{"embeddable":true,"href":"https:\/\/maquinamotors.com\/blog\/wp-json\/wp\/v2\/media\/256"}],"wp:attachment":[{"href":"https:\/\/maquinamotors.com\/blog\/wp-json\/wp\/v2\/media?parent=50"}],"wp:term":[{"taxonomy":"category","embeddable":true,"href":"https:\/\/maquinamotors.com\/blog\/wp-json\/wp\/v2\/categories?post=50"},{"taxonomy":"post_tag","embeddable":true,"href":"https:\/\/maquinamotors.com\/blog\/wp-json\/wp\/v2\/tags?post=50"}],"curies":[{"name":"wp","href":"https:\/\/api.w.org\/{rel}","templated":true}]}}