{"id":42,"date":"2016-01-20T00:00:00","date_gmt":"2016-01-20T00:00:00","guid":{"rendered":"http:\/\/maquinamotors.teradisk.net\/blog\/ven-de-ruta-con-nosotros-a-celebrar-1-ano-de-maquina-motors-bruc\/"},"modified":"2025-11-26T12:56:37","modified_gmt":"2025-11-26T12:56:37","slug":"ven-de-ruta-con-nosotros-a-celebrar-1-ano-de-maquina-motors-bruc","status":"publish","type":"post","link":"https:\/\/maquinamotors.com\/blog\/ven-de-ruta-con-nosotros-a-celebrar-1-ano-de-maquina-motors-bruc\/","title":{"rendered":"Ven de ruta con nosotros a celebrar 1 a\u00f1o de Maquina Motors Bruc"},"content":{"rendered":"<p><span><img decoding=\"async\" src=\"{{media url=\"wysiwyg\/news\/evento-promocion-lanzamiento-j125-maquinamotorsbruc-febrero-2016.jpg\"}}\" alt=\"Imagen cabecera salida ruta Maquina Motors Bruc\" \/><\/span><\/p>\n<p style=\"text-align: justify;\"><span style=\"font-size: medium;\">El\u00a0<strong>pr\u00f3ximo 6 de Febrero cumplimos 1 a\u00f1o en nuestro concesionario Kawasaki situado en Maquina Motors Bruc<\/strong>\u00a0(C\/ Bruc 127). Queremos aprovechar la ocasi\u00f3n para reencontrarnos con nuestros clientes y realizar una\u00a0<strong>salida conjunta como buenos amantes Kawasaki.<\/strong><\/span><\/p>\n<p style=\"text-align: justify;\"><span style=\"font-size: medium;\">Aprovecharemos la ocasi\u00f3n para presentar <strong>la nueva Kawasaki J125: hablaremos del nuevo modelo, realizaremos reservas para pruebas, adem\u00e1s de informar de la promoci\u00f3n de lanzamiento con la que llega esta nueva scooter y obsequiaros con alg\u00fan peque\u00f1o regalito.<\/strong>\u00a0\u00a0\u00a0\u00a0\u00a0<\/span><\/p>\n<p style=\"text-align: justify;\"><span style=\"font-size: medium;\">Realizaremos una peque\u00f1a ruta desde Maquina Motors Bruc hasta Maquina Motors Mollet donde algunos de los asistentes tendr\u00e1n la posibilidad de probar la nueva J125 y descubrir su fant\u00e1stico comportamiento y respuesta tanto en ciudad como en carretera.<\/span><\/p>\n<p style=\"text-align: justify;\"><span style=\"font-size: medium;\">Pero todo no acabar\u00e1 aqu\u00ed, tras llegar a Mollet realizaremos una <strong>visita gratuita al Museo Isern de la Moto<\/strong> y, para aquellos que se hayan quedado con ganas de m\u00e1s, c<strong>ontinuaremos con una segunda ruta m\u00e1s larga confeccionada por <\/strong><\/span><span style=\"color: #0000ff;\"><strong><a style=\"font-size: medium;\" href=\"https:\/\/www.youtube.com\/channel\/UCSW_94RHeiHPN0xGogYfR4w\"><span style=\"color: #0000ff;\">ZoD Z<\/span><\/a><\/strong><\/span><span style=\"font-size: medium;\"> que conformar\u00e1 un recorrido de curvas donde dar rienda suelta a nuestra pasi\u00f3n. Pararemos a comer <strong>en Sant Cugat del Vall\u00e9s donde poremos disfrutar de magnificas hamburguesa de Sant Cugat.<\/strong> \u00a0\u00a0<\/span><\/p>\n<p style=\"text-align: justify;\"><span style=\"font-size: medium;\">Por supuesto tendremos nuestro momento para compartir e intercambiar impresiones la Kawasaki J125, el d\u00eda, la ruta y nuestras experiencias en moto.<\/span><\/p>\n<p style=\"text-align: center;\"><strong><span style=\"font-size: medium;\"><br \/><span style=\"font-size: x-large;\">A continuaci\u00f3n os facilitamos toda la informaci\u00f3n y datos del evento:<\/span><\/span><\/strong><\/p>\n<table style=\"width: 600px; height: 210px; margin-left: auto; margin-right: auto;\" dir=\"ltr\" border=\"1\" cellspacing=\"0\" cellpadding=\"0\">\n<tbody>\n<tr>\n<td valign=\"Top\" bgcolor=\"#00B050\" width=\"227\" height=\"30\">\n<p style=\"text-align: center;\"><span style=\"font-size: medium; color: #000000;\"><strong>HORARIO<\/strong><\/span><\/p>\n<\/td>\n<td valign=\"Top\" bgcolor=\"#00B050\" width=\"354\" height=\"30\">\n<p><span style=\"font-size: medium;\">\u00a0<\/span><\/p>\n<\/td>\n<\/tr>\n<tr>\n<td style=\"text-align: center;\" width=\"227\" height=\"53\">\n<p><span style=\"color: #000000;\"><strong><span style=\"font-size: medium;\">9:00 &#8211; 10:00<\/span><\/strong><\/span><\/p>\n<\/td>\n<td width=\"354\" height=\"53\">\n<p><span style=\"color: #000000;\"><strong><span style=\"font-size: medium;\">\u00a0PRESENTACI\u00d3N J125<\/span><\/strong><\/span><\/p>\n<p><span style=\"color: #000000;\"><strong><span style=\"font-size: medium;\">\u00a0PEQUE\u00d1O DESAYUNO<\/span><\/strong><\/span><\/p>\n<p><span style=\"color: #000000;\"><strong><span style=\"font-size: medium;\">\u00a0RECOGIDA DE SOLICITUDES DE PRUEBA \u00a0J125<\/span><\/strong><\/span><\/p>\n<\/td>\n<\/tr>\n<tr>\n<td style=\"text-align: center;\" width=\"227\" height=\"39\">\n<p><span style=\"color: #000000;\"><strong><span style=\"font-size: medium;\">10: 05 &#8211; 11: 30<\/span><\/strong><\/span><\/p>\n<\/td>\n<td width=\"354\" height=\"39\">\n<p><span style=\"color: #000000;\"><strong><span style=\"font-size: medium;\">\u00a0RUTA 1: BARCELONA &#8211; MOLLET<\/span><\/strong><\/span><\/p>\n<\/td>\n<\/tr>\n<tr>\n<td style=\"text-align: center;\" width=\"227\" height=\"53\">\n<p><span style=\"color: #000000;\"><strong><span style=\"font-size: medium;\">12: 00 &#8211; 13: 00<\/span><\/strong><\/span><\/p>\n<\/td>\n<td width=\"354\" height=\"53\">\n<p><span style=\"color: #000000;\"><strong><span style=\"font-size: medium;\">\u00a0ALMUERZO EN MOLLET<\/span><\/strong><\/span><\/p>\n<p><span style=\"color: #000000;\"><strong><span style=\"font-size: medium;\">\u00a0VISITA AL MUSEO ISERN DE LA MOTO<\/span><\/strong><\/span><\/p>\n<\/td>\n<\/tr>\n<tr>\n<td style=\"text-align: center;\" width=\"227\" height=\"35\">\n<p><span style=\"color: #000000;\"><strong><span style=\"font-size: medium;\">Resto del d\u00eda\u00a0<\/span><\/strong><\/span><\/p>\n<\/td>\n<td width=\"354\" height=\"35\">\n<p><span style=\"color: #000000;\"><strong><span style=\"font-size: medium;\">\u00a0INICIO RUTA 2 <br \/>\u00a0COMIDA: \u00a0 \u00a0\u00a0<br \/><\/span><\/strong><\/span><strong style=\"color: #000000;\"><span style=\"font-size: medium;\">\u00a0<span style=\"color: #0000ff;\"><a href=\"https:\/\/www.google.es\/maps\/place\/La+Burgueseria+Restaurant\/@41.4669943,2.0785727,15z\/data=!4m2!3m1!1s0x0:0xe6f048ef345dae24\" target=\"_self\" rel=\"noopener noreferrer\"><span style=\"color: #0000ff;\">RESTAURANTE BURGESIA DE SANT CUGAT<\/span><\/a><\/span><\/span><\/strong><\/p>\n<\/td>\n<\/tr>\n<\/tbody>\n<\/table>\n<p style=\"text-align: left;\">\u00a0<\/p>\n<p style=\"text-align: center;\"><span style=\"font-size: x-large;\"><strong>Confirma tu asistencia al evento a <a title=\"Correo electr\u00f3nico para asistir al evento\" href=\"mailto:infokawasaki@maquinamotors.com\">infokawasaki@maquinamotors.com<\/a>\u00a0<br \/>y en el e<\/strong><\/span><strong><span style=\"font-size: x-large;\">vento de Facebook <a href=\"http:\/\/facebook.com\/events\/462966180577677\">aqu\u00ed<\/a><\/span><\/strong><\/p>\n<p style=\"text-align: center;\"><span style=\"font-size: x-large;\">\u00a0<\/span><\/p>\n<p style=\"text-align: center;\"><strong><span style=\"font-size: large;\">RUTA 1\u2014 Maquina Motors<\/span><\/strong><\/p>\n<p style=\"text-align: center;\"><strong><\/strong><span style=\"font-size: large;\"><strong>Recorrido:<\/strong> Horta, Cerdanyola del Vall\u00e9s, Montcada i Reixac i Mollet del Vall\u00e9s. <strong>Enlace a ruta: <span style=\"color: #0000ff;\"><a href=\"https:\/\/www.google.com\/maps\/d\/edit?mid=z8NHdcAGPkac.kDFLXQuYoT30&#038;usp=sharing\"><span style=\"color: #0000ff;\">aqu\u00ed<\/span><\/a><\/span><\/strong><\/span><\/p>\n<p style=\"text-align: center;\"><iframe loading=\"lazy\" style=\"display: block; margin-left: auto; margin-right: auto;\" src=\"https:\/\/www.google.com\/maps\/d\/embed?mid=z8NHdcAGPkac.kDFLXQuYoT30\" width=\"640\" height=\"480\"><\/iframe><\/p>\n<p style=\"text-align: center;\"><strong><br \/><\/strong><\/p>\n<p style=\"text-align: center;\"><span style=\"font-size: large;\"><strong>RUTA 2\u2014 Ruta extra\u00a0(cortes\u00eda de <span style=\"color: #0000ff;\"><a href=\"https:\/\/www.youtube.com\/channel\/UCSW_94RHeiHPN0xGogYfR4w\"><span style=\"color: #0000ff;\">ZoD Z<\/span><\/a><\/span>)<\/strong><\/span><\/p>\n<p style=\"text-align: center;\"><span style=\"font-size: large;\"><strong>Recorrido:<\/strong> Itinerario de curvas hasta Sant Cugat del Vall\u00e9s, comeremos en la hamburgueser\u00eda de Sant Cugat\u00a0y volveremos a Barcelona pasando por el mirador de Sarri\u00e0.\u00a0<strong>Enlace a ruta: <span style=\"color: #0000ff;\"><a href=\"https:\/\/www.google.com\/maps\/d\/edit?mid=z8NHdcAGPkac.kGp3gkMPuL_Q&#038;usp=sharing\"><span style=\"color: #0000ff;\">aqu\u00ed<\/span><\/a><\/span><\/strong><\/span><\/p>\n<p style=\"text-align: center;\"><iframe loading=\"lazy\" style=\"display: block; margin-left: auto; margin-right: auto;\" src=\"https:\/\/www.google.com\/maps\/d\/embed?mid=z8NHdcAGPkac.kGp3gkMPuL_Q\" width=\"640\" height=\"480\"><\/iframe><\/p>\n<p style=\"text-align: center;\"><span><br \/><span style=\"font-size: large;\">\u00a0<\/span><\/span><span style=\"font-size: large;\"><strong><strong>Si quieres estar informado sobre todas las novedades de Maquina Motors<br \/><\/strong><strong>no dudes en seguirnos en nuestro Facebook:\u00a0<br \/><\/strong><a title=\"Kawasaki - Maquina Motors Facebook\" href=\"https:\/\/www.facebook.com\/maquinamotorskawasaki\" target=\"_blank\" rel=\"noopener noreferrer\"><strong>Kawasaki &#8211;\u00a0Maquina Motors<\/strong><\/a><\/strong>\u00a0<\/span><\/p>\n","protected":false},"excerpt":{"rendered":"<p>El\u00a0pr\u00f3ximo 6 de Febrero cumplimos 1 a\u00f1o en nuestro concesionario Kawasaki situado en Maquina Motors Bruc\u00a0(C\/ Bruc 127). Queremos aprovechar la ocasi\u00f3n para reencontrarnos con nuestros clientes y realizar una\u00a0salida conjunta como buenos amantes Kawasaki. Aprovecharemos la ocasi\u00f3n para presentar la nueva Kawasaki J125: hablaremos del nuevo modelo, realizaremos reservas para pruebas, adem\u00e1s de informar &hellip; <a href=\"https:\/\/maquinamotors.com\/blog\/ven-de-ruta-con-nosotros-a-celebrar-1-ano-de-maquina-motors-bruc\/\" class=\"more-link\">Continuar leyendo<span class=\"screen-reader-text\"> \u00abVen de ruta con nosotros a celebrar 1 a\u00f1o de Maquina Motors Bruc\u00bb<\/span><\/a><\/p>\n","protected":false},"author":3,"featured_media":264,"comment_status":"open","ping_status":"open","sticky":false,"template":"","format":"standard","meta":{"footnotes":""},"categories":[508],"tags":[619,586,636,571],"class_list":["post-42","post","type-post","status-publish","format-standard","has-post-thumbnail","hentry","category-eventos","tag-barcelona","tag-bruc","tag-comunidad-motera","tag-rutas"],"yoast_head":"<!-- This site is optimized with the Yoast SEO plugin v19.2 - https:\/\/yoast.com\/wordpress\/plugins\/seo\/ -->\n<title>Ven de ruta con nosotros a celebrar 1 a\u00f1o de Maquina Motors Bruc - Maquina Motors<\/title>\n<meta name=\"robots\" content=\"index, follow, max-snippet:-1, max-image-preview:large, max-video-preview:-1\" \/>\n<link rel=\"canonical\" href=\"https:\/\/maquinamotors.com\/blog\/ven-de-ruta-con-nosotros-a-celebrar-1-ano-de-maquina-motors-bruc\/\" \/>\n<meta property=\"og:locale\" content=\"es_ES\" \/>\n<meta property=\"og:type\" content=\"article\" \/>\n<meta property=\"og:title\" content=\"Ven de ruta con nosotros a celebrar 1 a\u00f1o de Maquina Motors Bruc - Maquina Motors\" \/>\n<meta property=\"og:description\" content=\"El\u00a0pr\u00f3ximo 6 de Febrero cumplimos 1 a\u00f1o en nuestro concesionario Kawasaki situado en Maquina Motors Bruc\u00a0(C\/ Bruc 127). Queremos aprovechar la ocasi\u00f3n para reencontrarnos con nuestros clientes y realizar una\u00a0salida conjunta como buenos amantes Kawasaki. Aprovecharemos la ocasi\u00f3n para presentar la nueva Kawasaki J125: hablaremos del nuevo modelo, realizaremos reservas para pruebas, adem\u00e1s de informar &hellip; Continuar leyendo &quot;Ven de ruta con nosotros a celebrar 1 a\u00f1o de Maquina Motors Bruc&quot;\" \/>\n<meta property=\"og:url\" content=\"https:\/\/maquinamotors.com\/blog\/ven-de-ruta-con-nosotros-a-celebrar-1-ano-de-maquina-motors-bruc\/\" \/>\n<meta property=\"og:site_name\" content=\"Maquina Motors\" \/>\n<meta property=\"article:published_time\" content=\"2016-01-20T00:00:00+00:00\" \/>\n<meta property=\"article:modified_time\" content=\"2025-11-26T12:56:37+00:00\" \/>\n<meta property=\"og:image\" content=\"https:\/\/maquinamotors.com\/blog\/wp-content\/uploads\/..\/..\/..\/pub\/media\/wysiwyg\/news\/evento-promocion-lanzamiento-j125-maquinamotorsbruc-febrero-2016.jpg\" \/>\n\t<meta property=\"og:image:width\" content=\"1000\" \/>\n\t<meta property=\"og:image:height\" content=\"300\" \/>\n\t<meta property=\"og:image:type\" content=\"image\/jpeg\" \/>\n<meta name=\"author\" content=\"Judith\" \/>\n<meta name=\"twitter:card\" content=\"summary_large_image\" \/>\n<meta name=\"twitter:label1\" content=\"Escrito por\" \/>\n\t<meta name=\"twitter:data1\" content=\"Judith\" \/>\n\t<meta name=\"twitter:label2\" content=\"Tiempo de lectura\" \/>\n\t<meta name=\"twitter:data2\" content=\"2 minutos\" \/>\n<script type=\"application\/ld+json\" class=\"yoast-schema-graph\">{\"@context\":\"https:\/\/schema.org\",\"@graph\":[{\"@type\":\"WebSite\",\"@id\":\"https:\/\/maquinamotors.com\/blog\/#website\",\"url\":\"https:\/\/maquinamotors.com\/blog\/\",\"name\":\"Maquina Motors\",\"description\":\"Pasi\u00f3n por las motos desde 1978\",\"potentialAction\":[{\"@type\":\"SearchAction\",\"target\":{\"@type\":\"EntryPoint\",\"urlTemplate\":\"https:\/\/maquinamotors.com\/blog\/?s={search_term_string}\"},\"query-input\":\"required name=search_term_string\"}],\"inLanguage\":\"es\"},{\"@type\":\"ImageObject\",\"inLanguage\":\"es\",\"@id\":\"https:\/\/maquinamotors.com\/blog\/ven-de-ruta-con-nosotros-a-celebrar-1-ano-de-maquina-motors-bruc\/#primaryimage\",\"url\":\"https:\/\/maquinamotors.com\/blog\/wp-content\/uploads\/..\/..\/..\/pub\/media\/wysiwyg\/news\/evento-promocion-lanzamiento-j125-maquinamotorsbruc-febrero-2016.jpg\",\"contentUrl\":\"https:\/\/maquinamotors.com\/blog\/wp-content\/uploads\/..\/..\/..\/pub\/media\/wysiwyg\/news\/evento-promocion-lanzamiento-j125-maquinamotorsbruc-febrero-2016.jpg\",\"width\":1000,\"height\":300},{\"@type\":\"WebPage\",\"@id\":\"https:\/\/maquinamotors.com\/blog\/ven-de-ruta-con-nosotros-a-celebrar-1-ano-de-maquina-motors-bruc\/#webpage\",\"url\":\"https:\/\/maquinamotors.com\/blog\/ven-de-ruta-con-nosotros-a-celebrar-1-ano-de-maquina-motors-bruc\/\",\"name\":\"Ven de ruta con nosotros a celebrar 1 a\u00f1o de Maquina Motors Bruc - Maquina Motors\",\"isPartOf\":{\"@id\":\"https:\/\/maquinamotors.com\/blog\/#website\"},\"primaryImageOfPage\":{\"@id\":\"https:\/\/maquinamotors.com\/blog\/ven-de-ruta-con-nosotros-a-celebrar-1-ano-de-maquina-motors-bruc\/#primaryimage\"},\"datePublished\":\"2016-01-20T00:00:00+00:00\",\"dateModified\":\"2025-11-26T12:56:37+00:00\",\"author\":{\"@id\":\"https:\/\/maquinamotors.com\/blog\/#\/schema\/person\/89eed1f278ed42f1d95ea5e539ef5a5d\"},\"breadcrumb\":{\"@id\":\"https:\/\/maquinamotors.com\/blog\/ven-de-ruta-con-nosotros-a-celebrar-1-ano-de-maquina-motors-bruc\/#breadcrumb\"},\"inLanguage\":\"es\",\"potentialAction\":[{\"@type\":\"ReadAction\",\"target\":[\"https:\/\/maquinamotors.com\/blog\/ven-de-ruta-con-nosotros-a-celebrar-1-ano-de-maquina-motors-bruc\/\"]}]},{\"@type\":\"BreadcrumbList\",\"@id\":\"https:\/\/maquinamotors.com\/blog\/ven-de-ruta-con-nosotros-a-celebrar-1-ano-de-maquina-motors-bruc\/#breadcrumb\",\"itemListElement\":[{\"@type\":\"ListItem\",\"position\":1,\"name\":\"Home\",\"item\":\"https:\/\/maquinamotors.com\/blog\/\"},{\"@type\":\"ListItem\",\"position\":2,\"name\":\"Ven de ruta con nosotros a celebrar 1 a\u00f1o de Maquina Motors Bruc\"}]},{\"@type\":\"Person\",\"@id\":\"https:\/\/maquinamotors.com\/blog\/#\/schema\/person\/89eed1f278ed42f1d95ea5e539ef5a5d\",\"name\":\"Judith\",\"image\":{\"@type\":\"ImageObject\",\"inLanguage\":\"es\",\"@id\":\"https:\/\/maquinamotors.com\/blog\/#\/schema\/person\/image\/\",\"url\":\"https:\/\/secure.gravatar.com\/avatar\/d62088ee4e4c8e7f0734f1e70085b2889a91b0f85d2b20645e2dc287c7fd0039?s=96&d=mm&r=g\",\"contentUrl\":\"https:\/\/secure.gravatar.com\/avatar\/d62088ee4e4c8e7f0734f1e70085b2889a91b0f85d2b20645e2dc287c7fd0039?s=96&d=mm&r=g\",\"caption\":\"Judith\"},\"description\":\"Amante de las motos desde peque\u00f1a. Entre rutas, charlas con otros moteros y motores que suenan bien, siempre hay algo nuevo que aprender\u00a0y\u00a0compartir.\",\"url\":\"https:\/\/maquinamotors.com\/blog\/author\/judith\/\"}]}<\/script>\n<!-- \/ Yoast SEO plugin. -->","yoast_head_json":{"title":"Ven de ruta con nosotros a celebrar 1 a\u00f1o de Maquina Motors Bruc - Maquina Motors","robots":{"index":"index","follow":"follow","max-snippet":"max-snippet:-1","max-image-preview":"max-image-preview:large","max-video-preview":"max-video-preview:-1"},"canonical":"https:\/\/maquinamotors.com\/blog\/ven-de-ruta-con-nosotros-a-celebrar-1-ano-de-maquina-motors-bruc\/","og_locale":"es_ES","og_type":"article","og_title":"Ven de ruta con nosotros a celebrar 1 a\u00f1o de Maquina Motors Bruc - Maquina Motors","og_description":"El\u00a0pr\u00f3ximo 6 de Febrero cumplimos 1 a\u00f1o en nuestro concesionario Kawasaki situado en Maquina Motors Bruc\u00a0(C\/ Bruc 127). Queremos aprovechar la ocasi\u00f3n para reencontrarnos con nuestros clientes y realizar una\u00a0salida conjunta como buenos amantes Kawasaki. Aprovecharemos la ocasi\u00f3n para presentar la nueva Kawasaki J125: hablaremos del nuevo modelo, realizaremos reservas para pruebas, adem\u00e1s de informar &hellip; Continuar leyendo \"Ven de ruta con nosotros a celebrar 1 a\u00f1o de Maquina Motors Bruc\"","og_url":"https:\/\/maquinamotors.com\/blog\/ven-de-ruta-con-nosotros-a-celebrar-1-ano-de-maquina-motors-bruc\/","og_site_name":"Maquina Motors","article_published_time":"2016-01-20T00:00:00+00:00","article_modified_time":"2025-11-26T12:56:37+00:00","og_image":[{"width":1000,"height":300,"url":"https:\/\/maquinamotors.com\/blog\/wp-content\/uploads\/..\/..\/..\/pub\/media\/wysiwyg\/news\/evento-promocion-lanzamiento-j125-maquinamotorsbruc-febrero-2016.jpg","type":"image\/jpeg"}],"author":"Judith","twitter_card":"summary_large_image","twitter_misc":{"Escrito por":"Judith","Tiempo de lectura":"2 minutos"},"schema":{"@context":"https:\/\/schema.org","@graph":[{"@type":"WebSite","@id":"https:\/\/maquinamotors.com\/blog\/#website","url":"https:\/\/maquinamotors.com\/blog\/","name":"Maquina Motors","description":"Pasi\u00f3n por las motos desde 1978","potentialAction":[{"@type":"SearchAction","target":{"@type":"EntryPoint","urlTemplate":"https:\/\/maquinamotors.com\/blog\/?s={search_term_string}"},"query-input":"required name=search_term_string"}],"inLanguage":"es"},{"@type":"ImageObject","inLanguage":"es","@id":"https:\/\/maquinamotors.com\/blog\/ven-de-ruta-con-nosotros-a-celebrar-1-ano-de-maquina-motors-bruc\/#primaryimage","url":"https:\/\/maquinamotors.com\/blog\/wp-content\/uploads\/..\/..\/..\/pub\/media\/wysiwyg\/news\/evento-promocion-lanzamiento-j125-maquinamotorsbruc-febrero-2016.jpg","contentUrl":"https:\/\/maquinamotors.com\/blog\/wp-content\/uploads\/..\/..\/..\/pub\/media\/wysiwyg\/news\/evento-promocion-lanzamiento-j125-maquinamotorsbruc-febrero-2016.jpg","width":1000,"height":300},{"@type":"WebPage","@id":"https:\/\/maquinamotors.com\/blog\/ven-de-ruta-con-nosotros-a-celebrar-1-ano-de-maquina-motors-bruc\/#webpage","url":"https:\/\/maquinamotors.com\/blog\/ven-de-ruta-con-nosotros-a-celebrar-1-ano-de-maquina-motors-bruc\/","name":"Ven de ruta con nosotros a celebrar 1 a\u00f1o de Maquina Motors Bruc - Maquina Motors","isPartOf":{"@id":"https:\/\/maquinamotors.com\/blog\/#website"},"primaryImageOfPage":{"@id":"https:\/\/maquinamotors.com\/blog\/ven-de-ruta-con-nosotros-a-celebrar-1-ano-de-maquina-motors-bruc\/#primaryimage"},"datePublished":"2016-01-20T00:00:00+00:00","dateModified":"2025-11-26T12:56:37+00:00","author":{"@id":"https:\/\/maquinamotors.com\/blog\/#\/schema\/person\/89eed1f278ed42f1d95ea5e539ef5a5d"},"breadcrumb":{"@id":"https:\/\/maquinamotors.com\/blog\/ven-de-ruta-con-nosotros-a-celebrar-1-ano-de-maquina-motors-bruc\/#breadcrumb"},"inLanguage":"es","potentialAction":[{"@type":"ReadAction","target":["https:\/\/maquinamotors.com\/blog\/ven-de-ruta-con-nosotros-a-celebrar-1-ano-de-maquina-motors-bruc\/"]}]},{"@type":"BreadcrumbList","@id":"https:\/\/maquinamotors.com\/blog\/ven-de-ruta-con-nosotros-a-celebrar-1-ano-de-maquina-motors-bruc\/#breadcrumb","itemListElement":[{"@type":"ListItem","position":1,"name":"Home","item":"https:\/\/maquinamotors.com\/blog\/"},{"@type":"ListItem","position":2,"name":"Ven de ruta con nosotros a celebrar 1 a\u00f1o de Maquina Motors Bruc"}]},{"@type":"Person","@id":"https:\/\/maquinamotors.com\/blog\/#\/schema\/person\/89eed1f278ed42f1d95ea5e539ef5a5d","name":"Judith","image":{"@type":"ImageObject","inLanguage":"es","@id":"https:\/\/maquinamotors.com\/blog\/#\/schema\/person\/image\/","url":"https:\/\/secure.gravatar.com\/avatar\/d62088ee4e4c8e7f0734f1e70085b2889a91b0f85d2b20645e2dc287c7fd0039?s=96&d=mm&r=g","contentUrl":"https:\/\/secure.gravatar.com\/avatar\/d62088ee4e4c8e7f0734f1e70085b2889a91b0f85d2b20645e2dc287c7fd0039?s=96&d=mm&r=g","caption":"Judith"},"description":"Amante de las motos desde peque\u00f1a. Entre rutas, charlas con otros moteros y motores que suenan bien, siempre hay algo nuevo que aprender\u00a0y\u00a0compartir.","url":"https:\/\/maquinamotors.com\/blog\/author\/judith\/"}]}},"_links":{"self":[{"href":"https:\/\/maquinamotors.com\/blog\/wp-json\/wp\/v2\/posts\/42","targetHints":{"allow":["GET"]}}],"collection":[{"href":"https:\/\/maquinamotors.com\/blog\/wp-json\/wp\/v2\/posts"}],"about":[{"href":"https:\/\/maquinamotors.com\/blog\/wp-json\/wp\/v2\/types\/post"}],"author":[{"embeddable":true,"href":"https:\/\/maquinamotors.com\/blog\/wp-json\/wp\/v2\/users\/3"}],"replies":[{"embeddable":true,"href":"https:\/\/maquinamotors.com\/blog\/wp-json\/wp\/v2\/comments?post=42"}],"version-history":[{"count":1,"href":"https:\/\/maquinamotors.com\/blog\/wp-json\/wp\/v2\/posts\/42\/revisions"}],"predecessor-version":[{"id":536,"href":"https:\/\/maquinamotors.com\/blog\/wp-json\/wp\/v2\/posts\/42\/revisions\/536"}],"wp:featuredmedia":[{"embeddable":true,"href":"https:\/\/maquinamotors.com\/blog\/wp-json\/wp\/v2\/media\/264"}],"wp:attachment":[{"href":"https:\/\/maquinamotors.com\/blog\/wp-json\/wp\/v2\/media?parent=42"}],"wp:term":[{"taxonomy":"category","embeddable":true,"href":"https:\/\/maquinamotors.com\/blog\/wp-json\/wp\/v2\/categories?post=42"},{"taxonomy":"post_tag","embeddable":true,"href":"https:\/\/maquinamotors.com\/blog\/wp-json\/wp\/v2\/tags?post=42"}],"curies":[{"name":"wp","href":"https:\/\/api.w.org\/{rel}","templated":true}]}}