{"id":40,"date":"2016-01-15T00:00:00","date_gmt":"2016-01-15T00:00:00","guid":{"rendered":"http:\/\/maquinamotors.teradisk.net\/blog\/maquina-motors-y-ktm-con-ramon-brucart\/"},"modified":"2025-11-26T14:49:12","modified_gmt":"2025-11-26T14:49:12","slug":"maquina-motors-y-ktm-con-ramon-brucart","status":"publish","type":"post","link":"https:\/\/maquinamotors.com\/blog\/maquina-motors-y-ktm-con-ramon-brucart\/","title":{"rendered":"Maquina Motors y KTM con Ram\u00f3n Brucart"},"content":{"rendered":"<p><img decoding=\"async\" style=\"display: block; margin-left: auto; margin-right: auto;\" title=\"El piloto de Motocross Ram\u00f3n Brucart ficha por Maquina Motors y KTM y correr\u00e1 en adelante en su equipo. \" src=\"{{media url=\"wysiwyg\/news\/carreras\/ramon-brucart-ficha-por-maquina-motors-motocross-mx1-motos-motor.png\"}}\" alt=\"Ram\u00f3n Brucart ficha por Maquina Motors y KTM\" \/><\/p>\n<p style=\"text-align: justify;\"><span style=\"font-size: large;\">El equipo de\u00a0<strong>Maquina Motors y KTM sigue creciendo<\/strong>. En esta ocasi\u00f3n el piloto de Ram\u00f3n Brucart ficha por el equipo y pasar\u00e1 a formar parte de la familia de pilotos de Grupo Maquina Motors y KTM en motos de enduro y motocross.<\/span><\/p>\n<p style=\"text-align: justify;\"><span style=\"font-size: large;\">El pasado a\u00f1o 2015 Ram\u00f3n Brucart qued\u00f3 en 9a posici\u00f3n en el campeonato Nacional de MX1, en 3a posici\u00f3n en el campeonato de Catalu\u00f1a de MX1, adem\u00e1s de quedar en entre el top ten en varios grandes premios.\u00a0\u00a0\u00a0<\/span><\/p>\n<p style=\"text-align: justify;\"><span style=\"font-size: large;\"><strong>Brucart, Maquina Motors y KTM han escogido para la temporada 2016 la flamante KTM 350 SX-F<\/strong>, una moto que ha demostrado gran poder\u00edo en los diversos campeonatos en los que ha participado a lo lago de su historia ganando t\u00edtulo tras t\u00edtulo.<\/span><\/p>\n<p style=\"text-align: justify;\"><span style=\"font-size: large;\">Con m\u00e1s de 24 a\u00f1os de competici\u00f3n a sus espaldas, el piloto es un amante del Motocross desde joven y posee un hist\u00f3rico de t\u00edtulos en diversos campeonatos habiendo competido hasta la fecha <strong>8 campeonatos Europeos, 7 Mundiales<\/strong> en distintas categor\u00edas e infinidad de campeonatos Nacionales de Motorcross.<\/span><\/p>\n<p style=\"text-align: justify;\"><span style=\"font-size: large;\">Ram\u00f3n\u00a0 Brucat se une as\u00ed a otros pilotos del equipo de Maquina Motors en Enduro y Motocross como <strong>Elisson Medeiros<\/strong> y el equipo <a href=\"https:\/\/www.facebook.com\/TeamJcrJoanCros\"><strong>JRC de Joan Cros<\/strong><\/a>.<\/span><\/p>\n<p style=\"text-align: justify;\"><span style=\"font-size: large;\">Consulta aqu\u00ed toda la informaci\u00f3n del piloto en su blog personal: <a href=\"https:\/\/ramonbrucart.wordpress.com\/\">https:\/\/ramonbrucart.wordpress.com\/<\/a><\/span><\/p>\n<p>\u00a0<\/p>\n<p style=\"text-align: center;\"><span style=\"font-size: large;\"><strong><strong>SI QUIERES ESTAR INFORMADO SOBRE TODAS LAS NOVEDADES DE MAQUINA MOTORS<br \/><\/strong><strong>NO DUDES EN SEGUIRNOS EN NUESTRO FACEBOOK:\u00a0<br \/><\/strong><a href=\"http:\/\/facebook.com\/KTMmaquinamortors\"><strong>KTM &#8211;\u00a0MAQUINA MOTORS<\/strong><\/a><\/strong><\/span><\/p>\n<div><span><strong><br \/><\/strong><\/span><\/div>\n<p><span><br \/><\/span><\/p>\n","protected":false},"excerpt":{"rendered":"<p>El equipo de\u00a0Maquina Motors y KTM sigue creciendo. En esta ocasi\u00f3n el piloto de Ram\u00f3n Brucart ficha por el equipo y pasar\u00e1 a formar parte de la familia de pilotos de Grupo Maquina Motors y KTM en motos de enduro y motocross. El pasado a\u00f1o 2015 Ram\u00f3n Brucart qued\u00f3 en 9a posici\u00f3n en el campeonato &hellip; <a href=\"https:\/\/maquinamotors.com\/blog\/maquina-motors-y-ktm-con-ramon-brucart\/\" class=\"more-link\">Continuar leyendo<span class=\"screen-reader-text\"> \u00abMaquina Motors y KTM con Ram\u00f3n Brucart\u00bb<\/span><\/a><\/p>\n","protected":false},"author":3,"featured_media":266,"comment_status":"open","ping_status":"open","sticky":false,"template":"","format":"standard","meta":{"footnotes":""},"categories":[510],"tags":[641,530,633,569],"class_list":["post-40","post","type-post","status-publish","format-standard","has-post-thumbnail","hentry","category-actualidad","tag-competicion","tag-ktm","tag-maquina-motors","tag-off-road"],"yoast_head":"<!-- This site is optimized with the Yoast SEO plugin v19.2 - https:\/\/yoast.com\/wordpress\/plugins\/seo\/ -->\n<title>Maquina Motors y KTM con Ram\u00f3n Brucart - Maquina Motors<\/title>\n<meta name=\"robots\" content=\"index, follow, max-snippet:-1, max-image-preview:large, max-video-preview:-1\" \/>\n<link rel=\"canonical\" href=\"https:\/\/maquinamotors.com\/blog\/maquina-motors-y-ktm-con-ramon-brucart\/\" \/>\n<meta property=\"og:locale\" content=\"es_ES\" \/>\n<meta property=\"og:type\" content=\"article\" \/>\n<meta property=\"og:title\" content=\"Maquina Motors y KTM con Ram\u00f3n Brucart - Maquina Motors\" \/>\n<meta property=\"og:description\" content=\"El equipo de\u00a0Maquina Motors y KTM sigue creciendo. En esta ocasi\u00f3n el piloto de Ram\u00f3n Brucart ficha por el equipo y pasar\u00e1 a formar parte de la familia de pilotos de Grupo Maquina Motors y KTM en motos de enduro y motocross. El pasado a\u00f1o 2015 Ram\u00f3n Brucart qued\u00f3 en 9a posici\u00f3n en el campeonato &hellip; Continuar leyendo &quot;Maquina Motors y KTM con Ram\u00f3n Brucart&quot;\" \/>\n<meta property=\"og:url\" content=\"https:\/\/maquinamotors.com\/blog\/maquina-motors-y-ktm-con-ramon-brucart\/\" \/>\n<meta property=\"og:site_name\" content=\"Maquina Motors\" \/>\n<meta property=\"article:published_time\" content=\"2016-01-15T00:00:00+00:00\" \/>\n<meta property=\"article:modified_time\" content=\"2025-11-26T14:49:12+00:00\" \/>\n<meta property=\"og:image\" content=\"https:\/\/maquinamotors.com\/blog\/wp-content\/uploads\/..\/..\/..\/pub\/media\/wysiwyg\/news\/carreras\/ramon-brucart-ficha-por-maquina-motors-motocross-mx1-motos-motor.png\" \/>\n\t<meta property=\"og:image:width\" content=\"500\" \/>\n\t<meta property=\"og:image:height\" content=\"602\" \/>\n\t<meta property=\"og:image:type\" content=\"image\/png\" \/>\n<meta name=\"author\" content=\"Judith\" \/>\n<meta name=\"twitter:card\" content=\"summary_large_image\" \/>\n<meta name=\"twitter:label1\" content=\"Escrito por\" \/>\n\t<meta name=\"twitter:data1\" content=\"Judith\" \/>\n\t<meta name=\"twitter:label2\" content=\"Tiempo de lectura\" \/>\n\t<meta name=\"twitter:data2\" content=\"1 minuto\" \/>\n<script type=\"application\/ld+json\" class=\"yoast-schema-graph\">{\"@context\":\"https:\/\/schema.org\",\"@graph\":[{\"@type\":\"WebSite\",\"@id\":\"https:\/\/maquinamotors.com\/blog\/#website\",\"url\":\"https:\/\/maquinamotors.com\/blog\/\",\"name\":\"Maquina Motors\",\"description\":\"Pasi\u00f3n por las motos desde 1978\",\"potentialAction\":[{\"@type\":\"SearchAction\",\"target\":{\"@type\":\"EntryPoint\",\"urlTemplate\":\"https:\/\/maquinamotors.com\/blog\/?s={search_term_string}\"},\"query-input\":\"required name=search_term_string\"}],\"inLanguage\":\"es\"},{\"@type\":\"ImageObject\",\"inLanguage\":\"es\",\"@id\":\"https:\/\/maquinamotors.com\/blog\/maquina-motors-y-ktm-con-ramon-brucart\/#primaryimage\",\"url\":\"https:\/\/maquinamotors.com\/blog\/wp-content\/uploads\/..\/..\/..\/pub\/media\/wysiwyg\/news\/carreras\/ramon-brucart-ficha-por-maquina-motors-motocross-mx1-motos-motor.png\",\"contentUrl\":\"https:\/\/maquinamotors.com\/blog\/wp-content\/uploads\/..\/..\/..\/pub\/media\/wysiwyg\/news\/carreras\/ramon-brucart-ficha-por-maquina-motors-motocross-mx1-motos-motor.png\",\"width\":500,\"height\":602},{\"@type\":\"WebPage\",\"@id\":\"https:\/\/maquinamotors.com\/blog\/maquina-motors-y-ktm-con-ramon-brucart\/#webpage\",\"url\":\"https:\/\/maquinamotors.com\/blog\/maquina-motors-y-ktm-con-ramon-brucart\/\",\"name\":\"Maquina Motors y KTM con Ram\u00f3n Brucart - Maquina Motors\",\"isPartOf\":{\"@id\":\"https:\/\/maquinamotors.com\/blog\/#website\"},\"primaryImageOfPage\":{\"@id\":\"https:\/\/maquinamotors.com\/blog\/maquina-motors-y-ktm-con-ramon-brucart\/#primaryimage\"},\"datePublished\":\"2016-01-15T00:00:00+00:00\",\"dateModified\":\"2025-11-26T14:49:12+00:00\",\"author\":{\"@id\":\"https:\/\/maquinamotors.com\/blog\/#\/schema\/person\/89eed1f278ed42f1d95ea5e539ef5a5d\"},\"breadcrumb\":{\"@id\":\"https:\/\/maquinamotors.com\/blog\/maquina-motors-y-ktm-con-ramon-brucart\/#breadcrumb\"},\"inLanguage\":\"es\",\"potentialAction\":[{\"@type\":\"ReadAction\",\"target\":[\"https:\/\/maquinamotors.com\/blog\/maquina-motors-y-ktm-con-ramon-brucart\/\"]}]},{\"@type\":\"BreadcrumbList\",\"@id\":\"https:\/\/maquinamotors.com\/blog\/maquina-motors-y-ktm-con-ramon-brucart\/#breadcrumb\",\"itemListElement\":[{\"@type\":\"ListItem\",\"position\":1,\"name\":\"Home\",\"item\":\"https:\/\/maquinamotors.com\/blog\/\"},{\"@type\":\"ListItem\",\"position\":2,\"name\":\"Maquina Motors y KTM con Ram\u00f3n Brucart\"}]},{\"@type\":\"Person\",\"@id\":\"https:\/\/maquinamotors.com\/blog\/#\/schema\/person\/89eed1f278ed42f1d95ea5e539ef5a5d\",\"name\":\"Judith\",\"image\":{\"@type\":\"ImageObject\",\"inLanguage\":\"es\",\"@id\":\"https:\/\/maquinamotors.com\/blog\/#\/schema\/person\/image\/\",\"url\":\"https:\/\/secure.gravatar.com\/avatar\/d62088ee4e4c8e7f0734f1e70085b2889a91b0f85d2b20645e2dc287c7fd0039?s=96&d=mm&r=g\",\"contentUrl\":\"https:\/\/secure.gravatar.com\/avatar\/d62088ee4e4c8e7f0734f1e70085b2889a91b0f85d2b20645e2dc287c7fd0039?s=96&d=mm&r=g\",\"caption\":\"Judith\"},\"description\":\"Amante de las motos desde peque\u00f1a. Entre rutas, charlas con otros moteros y motores que suenan bien, siempre hay algo nuevo que aprender\u00a0y\u00a0compartir.\",\"url\":\"https:\/\/maquinamotors.com\/blog\/author\/judith\/\"}]}<\/script>\n<!-- \/ Yoast SEO plugin. -->","yoast_head_json":{"title":"Maquina Motors y KTM con Ram\u00f3n Brucart - Maquina Motors","robots":{"index":"index","follow":"follow","max-snippet":"max-snippet:-1","max-image-preview":"max-image-preview:large","max-video-preview":"max-video-preview:-1"},"canonical":"https:\/\/maquinamotors.com\/blog\/maquina-motors-y-ktm-con-ramon-brucart\/","og_locale":"es_ES","og_type":"article","og_title":"Maquina Motors y KTM con Ram\u00f3n Brucart - Maquina Motors","og_description":"El equipo de\u00a0Maquina Motors y KTM sigue creciendo. En esta ocasi\u00f3n el piloto de Ram\u00f3n Brucart ficha por el equipo y pasar\u00e1 a formar parte de la familia de pilotos de Grupo Maquina Motors y KTM en motos de enduro y motocross. El pasado a\u00f1o 2015 Ram\u00f3n Brucart qued\u00f3 en 9a posici\u00f3n en el campeonato &hellip; Continuar leyendo \"Maquina Motors y KTM con Ram\u00f3n Brucart\"","og_url":"https:\/\/maquinamotors.com\/blog\/maquina-motors-y-ktm-con-ramon-brucart\/","og_site_name":"Maquina Motors","article_published_time":"2016-01-15T00:00:00+00:00","article_modified_time":"2025-11-26T14:49:12+00:00","og_image":[{"width":500,"height":602,"url":"https:\/\/maquinamotors.com\/blog\/wp-content\/uploads\/..\/..\/..\/pub\/media\/wysiwyg\/news\/carreras\/ramon-brucart-ficha-por-maquina-motors-motocross-mx1-motos-motor.png","type":"image\/png"}],"author":"Judith","twitter_card":"summary_large_image","twitter_misc":{"Escrito por":"Judith","Tiempo de lectura":"1 minuto"},"schema":{"@context":"https:\/\/schema.org","@graph":[{"@type":"WebSite","@id":"https:\/\/maquinamotors.com\/blog\/#website","url":"https:\/\/maquinamotors.com\/blog\/","name":"Maquina Motors","description":"Pasi\u00f3n por las motos desde 1978","potentialAction":[{"@type":"SearchAction","target":{"@type":"EntryPoint","urlTemplate":"https:\/\/maquinamotors.com\/blog\/?s={search_term_string}"},"query-input":"required name=search_term_string"}],"inLanguage":"es"},{"@type":"ImageObject","inLanguage":"es","@id":"https:\/\/maquinamotors.com\/blog\/maquina-motors-y-ktm-con-ramon-brucart\/#primaryimage","url":"https:\/\/maquinamotors.com\/blog\/wp-content\/uploads\/..\/..\/..\/pub\/media\/wysiwyg\/news\/carreras\/ramon-brucart-ficha-por-maquina-motors-motocross-mx1-motos-motor.png","contentUrl":"https:\/\/maquinamotors.com\/blog\/wp-content\/uploads\/..\/..\/..\/pub\/media\/wysiwyg\/news\/carreras\/ramon-brucart-ficha-por-maquina-motors-motocross-mx1-motos-motor.png","width":500,"height":602},{"@type":"WebPage","@id":"https:\/\/maquinamotors.com\/blog\/maquina-motors-y-ktm-con-ramon-brucart\/#webpage","url":"https:\/\/maquinamotors.com\/blog\/maquina-motors-y-ktm-con-ramon-brucart\/","name":"Maquina Motors y KTM con Ram\u00f3n Brucart - Maquina Motors","isPartOf":{"@id":"https:\/\/maquinamotors.com\/blog\/#website"},"primaryImageOfPage":{"@id":"https:\/\/maquinamotors.com\/blog\/maquina-motors-y-ktm-con-ramon-brucart\/#primaryimage"},"datePublished":"2016-01-15T00:00:00+00:00","dateModified":"2025-11-26T14:49:12+00:00","author":{"@id":"https:\/\/maquinamotors.com\/blog\/#\/schema\/person\/89eed1f278ed42f1d95ea5e539ef5a5d"},"breadcrumb":{"@id":"https:\/\/maquinamotors.com\/blog\/maquina-motors-y-ktm-con-ramon-brucart\/#breadcrumb"},"inLanguage":"es","potentialAction":[{"@type":"ReadAction","target":["https:\/\/maquinamotors.com\/blog\/maquina-motors-y-ktm-con-ramon-brucart\/"]}]},{"@type":"BreadcrumbList","@id":"https:\/\/maquinamotors.com\/blog\/maquina-motors-y-ktm-con-ramon-brucart\/#breadcrumb","itemListElement":[{"@type":"ListItem","position":1,"name":"Home","item":"https:\/\/maquinamotors.com\/blog\/"},{"@type":"ListItem","position":2,"name":"Maquina Motors y KTM con Ram\u00f3n Brucart"}]},{"@type":"Person","@id":"https:\/\/maquinamotors.com\/blog\/#\/schema\/person\/89eed1f278ed42f1d95ea5e539ef5a5d","name":"Judith","image":{"@type":"ImageObject","inLanguage":"es","@id":"https:\/\/maquinamotors.com\/blog\/#\/schema\/person\/image\/","url":"https:\/\/secure.gravatar.com\/avatar\/d62088ee4e4c8e7f0734f1e70085b2889a91b0f85d2b20645e2dc287c7fd0039?s=96&d=mm&r=g","contentUrl":"https:\/\/secure.gravatar.com\/avatar\/d62088ee4e4c8e7f0734f1e70085b2889a91b0f85d2b20645e2dc287c7fd0039?s=96&d=mm&r=g","caption":"Judith"},"description":"Amante de las motos desde peque\u00f1a. Entre rutas, charlas con otros moteros y motores que suenan bien, siempre hay algo nuevo que aprender\u00a0y\u00a0compartir.","url":"https:\/\/maquinamotors.com\/blog\/author\/judith\/"}]}},"_links":{"self":[{"href":"https:\/\/maquinamotors.com\/blog\/wp-json\/wp\/v2\/posts\/40","targetHints":{"allow":["GET"]}}],"collection":[{"href":"https:\/\/maquinamotors.com\/blog\/wp-json\/wp\/v2\/posts"}],"about":[{"href":"https:\/\/maquinamotors.com\/blog\/wp-json\/wp\/v2\/types\/post"}],"author":[{"embeddable":true,"href":"https:\/\/maquinamotors.com\/blog\/wp-json\/wp\/v2\/users\/3"}],"replies":[{"embeddable":true,"href":"https:\/\/maquinamotors.com\/blog\/wp-json\/wp\/v2\/comments?post=40"}],"version-history":[{"count":1,"href":"https:\/\/maquinamotors.com\/blog\/wp-json\/wp\/v2\/posts\/40\/revisions"}],"predecessor-version":[{"id":539,"href":"https:\/\/maquinamotors.com\/blog\/wp-json\/wp\/v2\/posts\/40\/revisions\/539"}],"wp:featuredmedia":[{"embeddable":true,"href":"https:\/\/maquinamotors.com\/blog\/wp-json\/wp\/v2\/media\/266"}],"wp:attachment":[{"href":"https:\/\/maquinamotors.com\/blog\/wp-json\/wp\/v2\/media?parent=40"}],"wp:term":[{"taxonomy":"category","embeddable":true,"href":"https:\/\/maquinamotors.com\/blog\/wp-json\/wp\/v2\/categories?post=40"},{"taxonomy":"post_tag","embeddable":true,"href":"https:\/\/maquinamotors.com\/blog\/wp-json\/wp\/v2\/tags?post=40"}],"curies":[{"name":"wp","href":"https:\/\/api.w.org\/{rel}","templated":true}]}}