{"id":383,"date":"2019-03-08T12:33:57","date_gmt":"2019-03-08T12:33:57","guid":{"rendered":"http:\/\/maquinamotors.teradisk.net\/blog\/?p=383"},"modified":"2025-11-26T12:28:07","modified_gmt":"2025-11-26T12:28:07","slug":"ya-estan-aqui-los-k-days-2019-jornada-de-prueba-de-motos-kawasaki","status":"publish","type":"post","link":"https:\/\/maquinamotors.com\/blog\/ya-estan-aqui-los-k-days-2019-jornada-de-prueba-de-motos-kawasaki\/","title":{"rendered":"Ya est\u00e1n aqu\u00ed los K-Days 2019: Jornada de prueba de Motos Kawasaki."},"content":{"rendered":"<p><img decoding=\"async\" class=\"aligncenter\" title=\"Los Kawasaki K-Days est\u00e1n de vuelta en Maquina Motors\" src=\"http:\/\/maquinamotors.teradisk.net\/wp\/wp-content\/uploads\/2019\/03\/kawasaki-k-days-2017-motos-barcelona-dias-de-pruebas_2.jpg\" alt=\"Los Kawasaki K-Days est\u00e1n de vuelta en Maquina Motors\" \/><\/p>\n<h4><strong>\u00bfQuieres probar una moto Kawasaki? Entonces, este es tu momento. En Maquina Motors celebramos cada a\u00f1o los K-Days, una jornada de prueba de motos Kawasaki, a la que puedes apuntarte simplemente poniente en contacto con nosotros y donde experimentar\u00e1s en primera persona las sensaci\u00f3n de conducir una moto de la marca de japonesa. Sigue leyendo para descubrir las fechas en que celebramos los K-Days 2019.<\/strong><\/h4>\n<hr \/>\n<p>&nbsp;<\/p>\n<h3><strong>Viernes 8 y S\u00e1bado 9 de marzo: <\/strong>Maquina Motors Manresa<\/h3>\n<p>Ubicaci\u00f3n: Crta. Manresa-Berga Km 1 (08272) Sant Fruit\u00f3s del Bag\u00e9s (Manresa) &#8211; (<strong><a href=\"https:\/\/www.google.com\/maps\/place\/Maquina+Motors:+KTM,+Kawasaki,+Suzuki+y+Motos+de+Ocasi%C3%B3n\/@41.7513549,1.863863,15z\/data=!4m2!3m1!1s0x0:0x86aa9e682d761899?ved=2ahUKEwiWlpL39PLgAhWhdN8KHQB2D9gQ_BIwC3oECAMQCA\">mapa<\/a><\/strong>)<br \/>\nContacto para inscripciones:\u00a0<a href=\"mailto:comercialmanresa@maquinamotors.com\">comercialmanresa@maquinamotors.com<\/a><\/p>\n<p>&nbsp;<\/p>\n<h3><strong>Viernes 15 y S\u00e1bado 16 de marzo: <\/strong>Maquina Motors Mollet<\/h3>\n<p>Ubicaci\u00f3n: Av. Gaudi, 73 (08100) Mollet del Vall\u00e9s &#8211; (<strong><a href=\"https:\/\/www.google.com\/maps\/place\/Maquina+Motors:+KTM,+Kawasaki,+Suzuki+y+Motos+de+Ocasi%C3%B3n\/@41.548502,2.2209,15z\/data=!4m2!3m1!1s0x0:0x5fb275b9bdaa01fd?ved=2ahUKEwjPhomG9fLgAhVDnuAKHUmWBmUQ_BIwC3oECAUQCA\">mapa<\/a><\/strong>)<br \/>\nContacto para inscripciones:\u00a0<a href=\"mailto:comercialmollet1@maquinamotors.com\">comercialmollet1@maquinamotors.com<\/a><\/p>\n<p>&nbsp;<\/p>\n<h3><strong>Jueves 28, Viernes 29 y S\u00e1bado 30 de marzo: <\/strong>Maquina Motors, Bruc y Consell de Cent<\/h3>\n<p>Ubicaciones:<\/p>\n<p>Maquina Motors Bruc: C\/ Bruc, 127 (08037) Barcelona &#8211; (<strong><a href=\"https:\/\/www.google.com\/maps\/place\/Maquina+Motors:+Kawasaki\/@41.397043,2.165773,15z\/data=!4m2!3m1!1s0x0:0x7a50f614640444bd?ved=2ahUKEwjiq-ae9fLgAhXiYd8KHfu7DZ4Q_BIwC3oECAUQCA\">mapa<\/a><\/strong>)<br \/>\nContacto para inscripciones:\u00a0<a href=\"mailto:infokawasaki@maquinamotors.com\">infokawasaki@maquinamotors.com<\/a><\/p>\n<p>Maquina Motors Consell De Cent: C\/Consell de Cent, 130 (08015) Barcelona &#8211; (<strong><a href=\"https:\/\/www.google.com\/maps\/place\/Maquina+Motors:+Kawasaki,+Ducati+Service+y+Motos+de+Ocasi%C3%B3n\/@41.3816043,2.1534677,15z\/data=!4m2!3m1!1s0x0:0xf40fe1c71f4d2e5a?ved=2ahUKEwiCjpur9fLgAhVBPN8KHR6xD5YQ_BIwC3oECAUQCA\">mapa<\/a><\/strong>)<br \/>\nContacto para inscripciones: \u00a0<a href=\"mailto:infokawasaki1@maquinamotors.com\">infokawasaki1@maquinamotors.com<\/a><\/p>\n<h3><strong>Viernes 3 y S\u00e1bado 4 de mayo: <\/strong>Maquina Motors Terrassa<\/h3>\n<p>Ubicaci\u00f3n: C\/Anoia N. 7, Local 3 Pol. Ind. Sta MargaridaII &#8211; (<strong><a href=\"https:\/\/www.google.com\/maps\/place\/Maquina+Motors:+KTM,+Kawasaki,+Suzuki+y+Motos+de+Ocasi%C3%B3n\/@41.548502,2.2209,15z\/data=!4m2!3m1!1s0x0:0x5fb275b9bdaa01fd?ved=2ahUKEwih9Yfs9vLgAhVhn-AKHeCrCNUQ_BIwC3oECAUQCA\">mapa<\/a><\/strong>)<br \/>\nContacto para inscripciones:\u00a0<a title=\"Correo Electr\u00f3nico de contacto para la reserva de prueba de motos\" href=\"mailto:%20infoterrassa@maquinamotors.com\" target=\"_blank\" rel=\"noopener noreferrer\">infoterrassa@maquinamotors.com<\/a><\/p>\n<p>&nbsp;<\/p>\n<h3><strong>Viernes 24 y S\u00e1bado 25 de mayo: <\/strong>Maquina Motors Mollet<\/h3>\n<p>Ubicaci\u00f3n: Av. Gaudi, 73 (08100) Mollet del Vall\u00e9s &#8211; (<a href=\"https:\/\/www.google.com\/maps\/place\/Maquina+Motors:+KTM,+Kawasaki,+Suzuki+y+Motos+de+Ocasi%C3%B3n\/@41.5468024,2.2127168,17z\/data=!4m8!1m2!2m1!1smaquina+motors+mollet!3m4!1s0x12a4bf2da0f63cab:0x5fb275b9bdaa01fd!8m2!3d41.548502!4d2.2209\"><strong>mapa<\/strong><\/a>)<br \/>\nContacto para inscripciones:\u00a0<a href=\"mailto:comercialmollet1@maquinamotors.com\">comercialmollet1@maquinamotors.com<\/a><\/p>\n<p>&nbsp;<\/p>\n<h3><strong>Viernes 31 de mayo y S\u00e1bado 1 de junio: <\/strong>Maquina Motors Manresa<\/h3>\n<p>Ubicaci\u00f3n: Crta. Manresa-Berga Km 1 (08272) Sant Fruit\u00f3s del Bag\u00e9s (Manresa) &#8211; (<strong><a href=\"https:\/\/www.google.com\/maps\/place\/Maquina+Motors:+KTM,+Kawasaki,+Suzuki+y+Motos+de+Ocasi%C3%B3n\/@41.7513549,1.863863,15z\/data=!4m2!3m1!1s0x0:0x86aa9e682d761899?ved=2ahUKEwij_tSd9_LgAhWkmeAKHfRkCA4Q_BIwC3oECAUQCA\">mapa<\/a><\/strong>)<br \/>\nContacto para inscripciones:\u00a0<a href=\"mailto:comercialmanresa@maquinamotors.com\">comercialmanresa@maquinamotors.com<\/a><\/p>\n<p>&nbsp;<\/p>\n<h3><strong>Viernes 7 y S\u00e1bado 8 de junio: <\/strong>Maquina Motors Bruc y Consell De Cent<\/h3>\n<p>Ubicaciones:<\/p>\n<p>Maquina Motors Bruc: C\/ Bruc, 127 (08037) Barcelona &#8211; (<strong><a href=\"https:\/\/www.google.com\/maps\/place\/Maquina+Motors:+Kawasaki\/@41.397043,2.165773,15z\/data=!4m2!3m1!1s0x0:0x7a50f614640444bd?ved=2ahUKEwi2zqam9_LgAhWGTd8KHQ9eDEgQ_BIwC3oECAUQCA\">mapa<\/a><\/strong>)<br \/>\nContacto para inscripciones:\u00a0<a href=\"mailto:infokawasaki@maquinamotors.com\">infokawasaki@maquinamotors.com<\/a><\/p>\n<p>Maquina Motors Consell De Cent: C\/Consell de Cent, 130 (08015) Barcelona &#8211; (<strong><a href=\"https:\/\/www.google.com\/maps\/place\/Maquina+Motors:+Kawasaki,+Ducati+Service+y+Motos+de+Ocasi%C3%B3n\/@41.3911914,2.1570785,15z\/data=!4m8!1m2!2m1!1smaquina+motors+cerca+de+Calle+del+Consejo+de+Ciento,+Barcelona!3m4!1s0x12a4a2878deac9a9:0xf40fe1c71f4d2e5a!8m2!3d41.3816043!4d2.1534677\">mapa<\/a><\/strong>)<br \/>\nContacto para inscripciones: \u00a0<a href=\"mailto:infokawasaki1@maquinamotors.com\">infokawasaki1@maquinamotors.com<\/a><\/p>\n<p>&nbsp;<\/p>\n<p>* Las pruebas de motos Kawasaki en lo K-Days es totalmente gratuita sin coste para el probador. Para poder realizar la prueba ser\u00e1 necesario que el conductor muestre a los asesores de Maquina Motors su DNI y Carnet de Conducir. Maquina Motors se reserva el derecho a cancelar la jornada de pruebas por causas meteorol\u00f3gicas como lluvia, fuertes vientos o aviso de nevada.<\/p>\n","protected":false},"excerpt":{"rendered":"<p>\u00bfQuieres probar una moto Kawasaki? Entonces, este es tu momento. En Maquina Motors celebramos cada a\u00f1o los K-Days, una jornada de prueba de motos Kawasaki, a la que puedes apuntarte simplemente poniente en contacto con nosotros y donde experimentar\u00e1s en primera persona las sensaci\u00f3n de conducir una moto de la marca de japonesa. Sigue leyendo &hellip; <a href=\"https:\/\/maquinamotors.com\/blog\/ya-estan-aqui-los-k-days-2019-jornada-de-prueba-de-motos-kawasaki\/\" class=\"more-link\">Continuar leyendo<span class=\"screen-reader-text\"> \u00abYa est\u00e1n aqu\u00ed los K-Days 2019: Jornada de prueba de Motos Kawasaki.\u00bb<\/span><\/a><\/p>\n","protected":false},"author":3,"featured_media":384,"comment_status":"open","ping_status":"open","sticky":false,"template":"","format":"standard","meta":{"footnotes":""},"categories":[508],"tags":[636,556,531,567],"class_list":["post-383","post","type-post","status-publish","format-standard","has-post-thumbnail","hentry","category-eventos","tag-comunidad-motera","tag-jornadas-prueba","tag-kawasaki","tag-kawasaki-days"],"yoast_head":"<!-- This site is optimized with the Yoast SEO plugin v19.2 - https:\/\/yoast.com\/wordpress\/plugins\/seo\/ -->\n<title>Ya est\u00e1n aqu\u00ed los K-Days 2019: Jornada de prueba de Motos Kawasaki. - Maquina Motors<\/title>\n<meta name=\"robots\" content=\"index, follow, max-snippet:-1, max-image-preview:large, max-video-preview:-1\" \/>\n<link rel=\"canonical\" href=\"https:\/\/maquinamotors.com\/blog\/ya-estan-aqui-los-k-days-2019-jornada-de-prueba-de-motos-kawasaki\/\" \/>\n<meta property=\"og:locale\" content=\"es_ES\" \/>\n<meta property=\"og:type\" content=\"article\" \/>\n<meta property=\"og:title\" content=\"Ya est\u00e1n aqu\u00ed los K-Days 2019: Jornada de prueba de Motos Kawasaki. - Maquina Motors\" \/>\n<meta property=\"og:description\" content=\"\u00bfQuieres probar una moto Kawasaki? Entonces, este es tu momento. En Maquina Motors celebramos cada a\u00f1o los K-Days, una jornada de prueba de motos Kawasaki, a la que puedes apuntarte simplemente poniente en contacto con nosotros y donde experimentar\u00e1s en primera persona las sensaci\u00f3n de conducir una moto de la marca de japonesa. Sigue leyendo &hellip; Continuar leyendo &quot;Ya est\u00e1n aqu\u00ed los K-Days 2019: Jornada de prueba de Motos Kawasaki.&quot;\" \/>\n<meta property=\"og:url\" content=\"https:\/\/maquinamotors.com\/blog\/ya-estan-aqui-los-k-days-2019-jornada-de-prueba-de-motos-kawasaki\/\" \/>\n<meta property=\"og:site_name\" content=\"Maquina Motors\" \/>\n<meta property=\"article:published_time\" content=\"2019-03-08T12:33:57+00:00\" \/>\n<meta property=\"article:modified_time\" content=\"2025-11-26T12:28:07+00:00\" \/>\n<meta property=\"og:image\" content=\"https:\/\/maquinamotors.com\/blog\/wp-content\/uploads\/2019\/03\/kawasaki-k-days-2017-motos-barcelona-dias-de-pruebas_2.jpg\" \/>\n\t<meta property=\"og:image:width\" content=\"1000\" \/>\n\t<meta property=\"og:image:height\" content=\"346\" \/>\n\t<meta property=\"og:image:type\" content=\"image\/jpeg\" \/>\n<meta name=\"author\" content=\"Judith\" \/>\n<meta name=\"twitter:card\" content=\"summary_large_image\" \/>\n<meta name=\"twitter:label1\" content=\"Escrito por\" \/>\n\t<meta name=\"twitter:data1\" content=\"Judith\" \/>\n\t<meta name=\"twitter:label2\" content=\"Tiempo de lectura\" \/>\n\t<meta name=\"twitter:data2\" content=\"2 minutos\" \/>\n<script type=\"application\/ld+json\" class=\"yoast-schema-graph\">{\"@context\":\"https:\/\/schema.org\",\"@graph\":[{\"@type\":\"WebSite\",\"@id\":\"https:\/\/maquinamotors.com\/blog\/#website\",\"url\":\"https:\/\/maquinamotors.com\/blog\/\",\"name\":\"Maquina Motors\",\"description\":\"Pasi\u00f3n por las motos desde 1978\",\"potentialAction\":[{\"@type\":\"SearchAction\",\"target\":{\"@type\":\"EntryPoint\",\"urlTemplate\":\"https:\/\/maquinamotors.com\/blog\/?s={search_term_string}\"},\"query-input\":\"required name=search_term_string\"}],\"inLanguage\":\"es\"},{\"@type\":\"ImageObject\",\"inLanguage\":\"es\",\"@id\":\"https:\/\/maquinamotors.com\/blog\/ya-estan-aqui-los-k-days-2019-jornada-de-prueba-de-motos-kawasaki\/#primaryimage\",\"url\":\"https:\/\/maquinamotors.com\/blog\/wp-content\/uploads\/2019\/03\/kawasaki-k-days-2017-motos-barcelona-dias-de-pruebas_2.jpg\",\"contentUrl\":\"https:\/\/maquinamotors.com\/blog\/wp-content\/uploads\/2019\/03\/kawasaki-k-days-2017-motos-barcelona-dias-de-pruebas_2.jpg\",\"width\":1000,\"height\":346},{\"@type\":\"WebPage\",\"@id\":\"https:\/\/maquinamotors.com\/blog\/ya-estan-aqui-los-k-days-2019-jornada-de-prueba-de-motos-kawasaki\/#webpage\",\"url\":\"https:\/\/maquinamotors.com\/blog\/ya-estan-aqui-los-k-days-2019-jornada-de-prueba-de-motos-kawasaki\/\",\"name\":\"Ya est\u00e1n aqu\u00ed los K-Days 2019: Jornada de prueba de Motos Kawasaki. - Maquina Motors\",\"isPartOf\":{\"@id\":\"https:\/\/maquinamotors.com\/blog\/#website\"},\"primaryImageOfPage\":{\"@id\":\"https:\/\/maquinamotors.com\/blog\/ya-estan-aqui-los-k-days-2019-jornada-de-prueba-de-motos-kawasaki\/#primaryimage\"},\"datePublished\":\"2019-03-08T12:33:57+00:00\",\"dateModified\":\"2025-11-26T12:28:07+00:00\",\"author\":{\"@id\":\"https:\/\/maquinamotors.com\/blog\/#\/schema\/person\/89eed1f278ed42f1d95ea5e539ef5a5d\"},\"breadcrumb\":{\"@id\":\"https:\/\/maquinamotors.com\/blog\/ya-estan-aqui-los-k-days-2019-jornada-de-prueba-de-motos-kawasaki\/#breadcrumb\"},\"inLanguage\":\"es\",\"potentialAction\":[{\"@type\":\"ReadAction\",\"target\":[\"https:\/\/maquinamotors.com\/blog\/ya-estan-aqui-los-k-days-2019-jornada-de-prueba-de-motos-kawasaki\/\"]}]},{\"@type\":\"BreadcrumbList\",\"@id\":\"https:\/\/maquinamotors.com\/blog\/ya-estan-aqui-los-k-days-2019-jornada-de-prueba-de-motos-kawasaki\/#breadcrumb\",\"itemListElement\":[{\"@type\":\"ListItem\",\"position\":1,\"name\":\"Home\",\"item\":\"https:\/\/maquinamotors.com\/blog\/\"},{\"@type\":\"ListItem\",\"position\":2,\"name\":\"Ya est\u00e1n aqu\u00ed los K-Days 2019: Jornada de prueba de Motos Kawasaki.\"}]},{\"@type\":\"Person\",\"@id\":\"https:\/\/maquinamotors.com\/blog\/#\/schema\/person\/89eed1f278ed42f1d95ea5e539ef5a5d\",\"name\":\"Judith\",\"image\":{\"@type\":\"ImageObject\",\"inLanguage\":\"es\",\"@id\":\"https:\/\/maquinamotors.com\/blog\/#\/schema\/person\/image\/\",\"url\":\"https:\/\/secure.gravatar.com\/avatar\/d62088ee4e4c8e7f0734f1e70085b2889a91b0f85d2b20645e2dc287c7fd0039?s=96&d=mm&r=g\",\"contentUrl\":\"https:\/\/secure.gravatar.com\/avatar\/d62088ee4e4c8e7f0734f1e70085b2889a91b0f85d2b20645e2dc287c7fd0039?s=96&d=mm&r=g\",\"caption\":\"Judith\"},\"description\":\"Amante de las motos desde peque\u00f1a. Entre rutas, charlas con otros moteros y motores que suenan bien, siempre hay algo nuevo que aprender\u00a0y\u00a0compartir.\",\"url\":\"https:\/\/maquinamotors.com\/blog\/author\/judith\/\"}]}<\/script>\n<!-- \/ Yoast SEO plugin. -->","yoast_head_json":{"title":"Ya est\u00e1n aqu\u00ed los K-Days 2019: Jornada de prueba de Motos Kawasaki. - Maquina Motors","robots":{"index":"index","follow":"follow","max-snippet":"max-snippet:-1","max-image-preview":"max-image-preview:large","max-video-preview":"max-video-preview:-1"},"canonical":"https:\/\/maquinamotors.com\/blog\/ya-estan-aqui-los-k-days-2019-jornada-de-prueba-de-motos-kawasaki\/","og_locale":"es_ES","og_type":"article","og_title":"Ya est\u00e1n aqu\u00ed los K-Days 2019: Jornada de prueba de Motos Kawasaki. - Maquina Motors","og_description":"\u00bfQuieres probar una moto Kawasaki? Entonces, este es tu momento. En Maquina Motors celebramos cada a\u00f1o los K-Days, una jornada de prueba de motos Kawasaki, a la que puedes apuntarte simplemente poniente en contacto con nosotros y donde experimentar\u00e1s en primera persona las sensaci\u00f3n de conducir una moto de la marca de japonesa. Sigue leyendo &hellip; Continuar leyendo \"Ya est\u00e1n aqu\u00ed los K-Days 2019: Jornada de prueba de Motos Kawasaki.\"","og_url":"https:\/\/maquinamotors.com\/blog\/ya-estan-aqui-los-k-days-2019-jornada-de-prueba-de-motos-kawasaki\/","og_site_name":"Maquina Motors","article_published_time":"2019-03-08T12:33:57+00:00","article_modified_time":"2025-11-26T12:28:07+00:00","og_image":[{"width":1000,"height":346,"url":"https:\/\/maquinamotors.com\/blog\/wp-content\/uploads\/2019\/03\/kawasaki-k-days-2017-motos-barcelona-dias-de-pruebas_2.jpg","type":"image\/jpeg"}],"author":"Judith","twitter_card":"summary_large_image","twitter_misc":{"Escrito por":"Judith","Tiempo de lectura":"2 minutos"},"schema":{"@context":"https:\/\/schema.org","@graph":[{"@type":"WebSite","@id":"https:\/\/maquinamotors.com\/blog\/#website","url":"https:\/\/maquinamotors.com\/blog\/","name":"Maquina Motors","description":"Pasi\u00f3n por las motos desde 1978","potentialAction":[{"@type":"SearchAction","target":{"@type":"EntryPoint","urlTemplate":"https:\/\/maquinamotors.com\/blog\/?s={search_term_string}"},"query-input":"required name=search_term_string"}],"inLanguage":"es"},{"@type":"ImageObject","inLanguage":"es","@id":"https:\/\/maquinamotors.com\/blog\/ya-estan-aqui-los-k-days-2019-jornada-de-prueba-de-motos-kawasaki\/#primaryimage","url":"https:\/\/maquinamotors.com\/blog\/wp-content\/uploads\/2019\/03\/kawasaki-k-days-2017-motos-barcelona-dias-de-pruebas_2.jpg","contentUrl":"https:\/\/maquinamotors.com\/blog\/wp-content\/uploads\/2019\/03\/kawasaki-k-days-2017-motos-barcelona-dias-de-pruebas_2.jpg","width":1000,"height":346},{"@type":"WebPage","@id":"https:\/\/maquinamotors.com\/blog\/ya-estan-aqui-los-k-days-2019-jornada-de-prueba-de-motos-kawasaki\/#webpage","url":"https:\/\/maquinamotors.com\/blog\/ya-estan-aqui-los-k-days-2019-jornada-de-prueba-de-motos-kawasaki\/","name":"Ya est\u00e1n aqu\u00ed los K-Days 2019: Jornada de prueba de Motos Kawasaki. - Maquina Motors","isPartOf":{"@id":"https:\/\/maquinamotors.com\/blog\/#website"},"primaryImageOfPage":{"@id":"https:\/\/maquinamotors.com\/blog\/ya-estan-aqui-los-k-days-2019-jornada-de-prueba-de-motos-kawasaki\/#primaryimage"},"datePublished":"2019-03-08T12:33:57+00:00","dateModified":"2025-11-26T12:28:07+00:00","author":{"@id":"https:\/\/maquinamotors.com\/blog\/#\/schema\/person\/89eed1f278ed42f1d95ea5e539ef5a5d"},"breadcrumb":{"@id":"https:\/\/maquinamotors.com\/blog\/ya-estan-aqui-los-k-days-2019-jornada-de-prueba-de-motos-kawasaki\/#breadcrumb"},"inLanguage":"es","potentialAction":[{"@type":"ReadAction","target":["https:\/\/maquinamotors.com\/blog\/ya-estan-aqui-los-k-days-2019-jornada-de-prueba-de-motos-kawasaki\/"]}]},{"@type":"BreadcrumbList","@id":"https:\/\/maquinamotors.com\/blog\/ya-estan-aqui-los-k-days-2019-jornada-de-prueba-de-motos-kawasaki\/#breadcrumb","itemListElement":[{"@type":"ListItem","position":1,"name":"Home","item":"https:\/\/maquinamotors.com\/blog\/"},{"@type":"ListItem","position":2,"name":"Ya est\u00e1n aqu\u00ed los K-Days 2019: Jornada de prueba de Motos Kawasaki."}]},{"@type":"Person","@id":"https:\/\/maquinamotors.com\/blog\/#\/schema\/person\/89eed1f278ed42f1d95ea5e539ef5a5d","name":"Judith","image":{"@type":"ImageObject","inLanguage":"es","@id":"https:\/\/maquinamotors.com\/blog\/#\/schema\/person\/image\/","url":"https:\/\/secure.gravatar.com\/avatar\/d62088ee4e4c8e7f0734f1e70085b2889a91b0f85d2b20645e2dc287c7fd0039?s=96&d=mm&r=g","contentUrl":"https:\/\/secure.gravatar.com\/avatar\/d62088ee4e4c8e7f0734f1e70085b2889a91b0f85d2b20645e2dc287c7fd0039?s=96&d=mm&r=g","caption":"Judith"},"description":"Amante de las motos desde peque\u00f1a. Entre rutas, charlas con otros moteros y motores que suenan bien, siempre hay algo nuevo que aprender\u00a0y\u00a0compartir.","url":"https:\/\/maquinamotors.com\/blog\/author\/judith\/"}]}},"_links":{"self":[{"href":"https:\/\/maquinamotors.com\/blog\/wp-json\/wp\/v2\/posts\/383","targetHints":{"allow":["GET"]}}],"collection":[{"href":"https:\/\/maquinamotors.com\/blog\/wp-json\/wp\/v2\/posts"}],"about":[{"href":"https:\/\/maquinamotors.com\/blog\/wp-json\/wp\/v2\/types\/post"}],"author":[{"embeddable":true,"href":"https:\/\/maquinamotors.com\/blog\/wp-json\/wp\/v2\/users\/3"}],"replies":[{"embeddable":true,"href":"https:\/\/maquinamotors.com\/blog\/wp-json\/wp\/v2\/comments?post=383"}],"version-history":[{"count":7,"href":"https:\/\/maquinamotors.com\/blog\/wp-json\/wp\/v2\/posts\/383\/revisions"}],"predecessor-version":[{"id":670,"href":"https:\/\/maquinamotors.com\/blog\/wp-json\/wp\/v2\/posts\/383\/revisions\/670"}],"wp:featuredmedia":[{"embeddable":true,"href":"https:\/\/maquinamotors.com\/blog\/wp-json\/wp\/v2\/media\/384"}],"wp:attachment":[{"href":"https:\/\/maquinamotors.com\/blog\/wp-json\/wp\/v2\/media?parent=383"}],"wp:term":[{"taxonomy":"category","embeddable":true,"href":"https:\/\/maquinamotors.com\/blog\/wp-json\/wp\/v2\/categories?post=383"},{"taxonomy":"post_tag","embeddable":true,"href":"https:\/\/maquinamotors.com\/blog\/wp-json\/wp\/v2\/tags?post=383"}],"curies":[{"name":"wp","href":"https:\/\/api.w.org\/{rel}","templated":true}]}}