{"id":2457,"date":"2021-12-27T16:10:12","date_gmt":"2021-12-27T16:10:12","guid":{"rendered":"http:\/\/maquinamotors.com\/blog\/?p=2457"},"modified":"2025-12-30T15:31:04","modified_gmt":"2025-12-30T15:31:04","slug":"las-mejores-rutas-de-espana-en-moto","status":"publish","type":"post","link":"https:\/\/maquinamotors.com\/blog\/las-mejores-rutas-de-espana-en-moto\/","title":{"rendered":"Las mejores rutas de Espa\u00f1a en moto"},"content":{"rendered":"<p><em>Estas son las mejores rutas de Espa\u00f1a en moto<\/em><\/p>\n<h2>I. RUTA V\u00cdA DE LA PLATA<\/h2>\n<p><img loading=\"lazy\" decoding=\"async\" class=\"aligncenter wp-image-2458 \" src=\"http:\/\/maquinamotors.com\/blog\/wp-content\/uploads\/2021\/07\/Banner-Salud-General-Vacuna-Programa-Cl\u00ednico-Forma-Amorfa-Agradable-Verde-y-Rosa-1-1024x512.jpg\" alt=\"\" width=\"529\" height=\"262\" \/><\/p>\n<p>Aproximadamente 1.000 kil\u00f3metros desde Andaluc\u00eda hasta Asturias en busca de la mejor gastronom\u00eda, diversidad de paisajes y variedad cultural. Esta maravillosa ruta atraviesa cuatro comunidades aut\u00f3nomas y paisajes de ensue\u00f1o, por lo que, resulta imprescindible en nuestra gu\u00eda de rutas.<\/p>\n<p>La Ruta V\u00eda de la Plata es una de las m\u00e1s completas porque recorre la historia romana entre el norte y el sur de Espa\u00f1a (Andaluc\u00eda, Extremadura, Asturias y Castilla y Le\u00f3n).<\/p>\n<p>La ruta dura aproximadamente una semana como m\u00ednimo<br \/>\ny comienza en Sevilla. Desde aqu\u00ed, se recorrer\u00e1n las ruinas de It\u00e1lica con rumbo a C\u00e1ceres hasta llegar a Gij\u00f3n por Astorga y Le\u00f3n.<\/p>\n<p>29 municipios se transcurren en este viaje, por lo que resulta realmente interesante.<\/p>\n<h2><strong>II. PICOS DE EUROPA<\/strong><\/h2>\n<p>Esta ruta empieza en <strong>Ria\u00f1o<\/strong> (Le\u00f3n) para visitar la famosa poblaci\u00f3n sumergida en el embalse de Ria\u00f1o en los a\u00f1os 80.<\/p>\n<p>Desde aqu\u00ed, nos dirigiremos al<strong> Puerto del Pont\u00f3n<\/strong> por la N-625<br \/>\nde camino a<strong> Cangas de On\u00eds<\/strong> (Asturias). Una vez aqu\u00ed, visitaremos el pueblo de estilo rom\u00e1nico para disfrutar de <strong>Covadonga<\/strong>: la Bas\u00edlica de Santa Mar\u00eda la Real de Covadonga, la tumba de Don Pelayo y sus preciosos lagos.<\/p>\n<p>Una vez visitada Covadonga tomaremos la AS-114 en direcci\u00f3n<br \/>\na <strong>Potes<\/strong> (Cantabria).<\/p>\n<p><strong>Potes<\/strong> es una villa medieval obligatoria de visitar por su casco hist\u00f3rico, su r\u00edo, su Torre del Infantado y su museo sobre el Beato de Li\u00e9bana.<\/p>\n<p>A continuaci\u00f3n, siguiendo la N-621 pararemos en el Puerto de San Glorio (Le\u00f3n) para disfrutar de un puerto de monta\u00f1a con amplias curvas y un Mirador del Corzo con impresionantes vistas.<\/p>\n<p>De nuevo, la N-621 nos llevar\u00e1 a <strong>Ria\u00f1o<\/strong> con la posibilidad de visitar Portilla de la Reina y realizar la Ruta de Cares (Ca\u00edn).<\/p>\n<p><img loading=\"lazy\" decoding=\"async\" class=\"alignnone wp-image-3003 size-large\" src=\"http:\/\/maquinamotors.com\/blog\/wp-content\/uploads\/2021\/11\/Sin-t\u00edtulo-3_Mesa-de-trabajo-1-1024x512.png\" alt=\"\" width=\"840\" height=\"420\" srcset=\"https:\/\/maquinamotors.com\/blog\/wp-content\/uploads\/2021\/11\/Sin-t\u00edtulo-3_Mesa-de-trabajo-1-1024x512.png 1024w, https:\/\/maquinamotors.com\/blog\/wp-content\/uploads\/2021\/11\/Sin-t\u00edtulo-3_Mesa-de-trabajo-1-300x150.png 300w, https:\/\/maquinamotors.com\/blog\/wp-content\/uploads\/2021\/11\/Sin-t\u00edtulo-3_Mesa-de-trabajo-1-768x384.png 768w, https:\/\/maquinamotors.com\/blog\/wp-content\/uploads\/2021\/11\/Sin-t\u00edtulo-3_Mesa-de-trabajo-1-1200x600.png 1200w\" sizes=\"auto, (max-width: 709px) 85vw, (max-width: 909px) 67vw, (max-width: 1362px) 62vw, 840px\" \/><\/p>\n<h2>III. N-340, DE C\u00c1DIZ A BARCELONA<\/h2>\n<p>La N-340 tiene su kil\u00f3metro 0 en el <strong>Puerto Real de C\u00e1diz<\/strong> en un punto conocido como <strong>Tres Caminos.<\/strong> El recorrido se utiliz\u00f3 antiguamente (siglos XVIII y XIX) para crear los Caminos Reales entre C\u00e1diz, Sevilla y M\u00e1laga. Aproximadamente 1.300 kil\u00f3metros es el resultado de la carretera m\u00e1s larga de Espa\u00f1a.<\/p>\n<p>En el caso de empezar desde <strong>Barcelona<\/strong>, el punto kilom\u00e9trico se encuentra en la Plaza de Espa\u00f1a (km 1.248). Desde aqu\u00ed, seguiremos la N-340\u00a0 direcci\u00f3n Vilafranca del Pened\u00e9s hasta Tarraco para visitar las murallas y el teatro Romano. En la misma carretera, cruzando el r\u00edo Ebro, pasaremos por un puente de hierro situado en Amposta para dirigirnos a Cabanes.<\/p>\n<p>Para disfrutar de una aut\u00e9ntica carretera de monta\u00f1a viajaremos de J\u00e1tiva a Alcoy y pararemos a hacer turismo en el Puente de la Carrasqueta y en la Venta Teresa.<\/p>\n<p>De nuevo en la N-340, el Puerto de Alicante ser\u00e1 necesario para probar el exquisito arroz y seguir la ruta hacia <strong>Tabernas<\/strong> (Almer\u00eda), donde encontraremos el Road Bar Route 66 Tabernas, el lugar m\u00e1s parecido a la U.S Route 66. En la misma poblaci\u00f3n, tambi\u00e9n se encuentran los <strong>Cinema Studios Fort Bravo<\/strong> (Texas Hollywood), un estudio cinematogr\u00e1fico ambientado en el oeste norteamericano.<\/p>\n<p><img loading=\"lazy\" decoding=\"async\" class=\"alignnone wp-image-3007 size-large\" src=\"http:\/\/maquinamotors.com\/blog\/wp-content\/uploads\/2021\/11\/buunu_Mesa-de-trabajo-1-1-1024x512.png\" alt=\"\" width=\"840\" height=\"420\" srcset=\"https:\/\/maquinamotors.com\/blog\/wp-content\/uploads\/2021\/11\/buunu_Mesa-de-trabajo-1-1-1024x512.png 1024w, https:\/\/maquinamotors.com\/blog\/wp-content\/uploads\/2021\/11\/buunu_Mesa-de-trabajo-1-1-300x150.png 300w, https:\/\/maquinamotors.com\/blog\/wp-content\/uploads\/2021\/11\/buunu_Mesa-de-trabajo-1-1-768x384.png 768w, https:\/\/maquinamotors.com\/blog\/wp-content\/uploads\/2021\/11\/buunu_Mesa-de-trabajo-1-1-1200x600.png 1200w\" sizes=\"auto, (max-width: 709px) 85vw, (max-width: 909px) 67vw, (max-width: 1362px) 62vw, 840px\" \/><\/p>\n<p><strong>Fort Bravo \/ Texas Hollywood<\/strong> es el Salvaje Oeste ubicado en Tabernas (Almer\u00eda) desde los a\u00f1os 60. Conocido como el mayor parque tem\u00e1tico de Europa, se han realizado multitud de rodajes westerns de Hollywood. Actualmente se realizan eventos y espect\u00e1culos de cowboys durante el fin de semana.<\/p>\n<p>Una vez visitado el <strong>Salvaje Oeste de Almer\u00eda<\/strong>, continuaremos con la carretera N-340 para llegar a Nerja y contemplar el famoso barco de Chanquete en la serie Verano Azul.<\/p>\n<p>De camino a <strong>M\u00e1laga<\/strong> o m\u00e1s bien a la vuelta (N-\u00b7340), encontraremos el escenario de La Desbandada en la carretera M\u00e1laga-Almer\u00eda. Se trata de una de las mayores tragedias ocurridas durante la guerra civil en la cual los\u00a0 civiles fueron atacados por el bando sublevado.<\/p>\n<p>En la misma carretera N-340 llegaremos al hist\u00f3rico <strong>Pe\u00f1\u00f3n de Gibraltar<\/strong> obligatorio de visitar igual que Tarifa; un destino factible en cualquier \u00e9poca del a\u00f1o para disfrutar de sus playas y su gastronom\u00eda.<\/p>\n<p>De camino a <strong>C\u00e1diz<\/strong>, encontraremos una poblaci\u00f3n galardonada con el Premio Nacional de Embellecimiento: Uno de los pueblos blancos m\u00e1s bonitos de <strong>Andaluc\u00eda<\/strong>.<\/p>\n<p><img loading=\"lazy\" decoding=\"async\" class=\"alignnone wp-image-3008 size-large\" src=\"http:\/\/maquinamotors.com\/blog\/wp-content\/uploads\/2021\/11\/ruta-en-moto-N-340-de-Barcelona-a-C\u00e1diz_Mesa-de-trabajo-1-1024x512.png\" alt=\"\" width=\"840\" height=\"420\" srcset=\"https:\/\/maquinamotors.com\/blog\/wp-content\/uploads\/2021\/11\/ruta-en-moto-N-340-de-Barcelona-a-C\u00e1diz_Mesa-de-trabajo-1-1024x512.png 1024w, https:\/\/maquinamotors.com\/blog\/wp-content\/uploads\/2021\/11\/ruta-en-moto-N-340-de-Barcelona-a-C\u00e1diz_Mesa-de-trabajo-1-300x150.png 300w, https:\/\/maquinamotors.com\/blog\/wp-content\/uploads\/2021\/11\/ruta-en-moto-N-340-de-Barcelona-a-C\u00e1diz_Mesa-de-trabajo-1-768x384.png 768w, https:\/\/maquinamotors.com\/blog\/wp-content\/uploads\/2021\/11\/ruta-en-moto-N-340-de-Barcelona-a-C\u00e1diz_Mesa-de-trabajo-1-1200x600.png 1200w\" sizes=\"auto, (max-width: 709px) 85vw, (max-width: 909px) 67vw, (max-width: 1362px) 62vw, 840px\" \/><\/p>\n<h2>IV. TRANSPIRENAICA (OFF ROAD)<\/h2>\n<p>Esta ruta es imprescindible para los amantes de las motos Trail. Visitar el Pirineo a trav\u00e9s de pistas off road es una maravilla. Eso s\u00ed, es recomendable recorrerla en \u00e9pocas de verano (de mayo a septiembre) para evitar las fuertes tormentas.<\/p>\n<p><img loading=\"lazy\" decoding=\"async\" class=\"alignnone wp-image-3009 size-large\" src=\"http:\/\/maquinamotors.com\/blog\/wp-content\/uploads\/2021\/11\/trans_Mesa-de-trabajo-1-1024x512.png\" alt=\"\" width=\"840\" height=\"420\" srcset=\"https:\/\/maquinamotors.com\/blog\/wp-content\/uploads\/2021\/11\/trans_Mesa-de-trabajo-1-1024x512.png 1024w, https:\/\/maquinamotors.com\/blog\/wp-content\/uploads\/2021\/11\/trans_Mesa-de-trabajo-1-300x150.png 300w, https:\/\/maquinamotors.com\/blog\/wp-content\/uploads\/2021\/11\/trans_Mesa-de-trabajo-1-768x384.png 768w, https:\/\/maquinamotors.com\/blog\/wp-content\/uploads\/2021\/11\/trans_Mesa-de-trabajo-1-1200x600.png 1200w\" sizes=\"auto, (max-width: 709px) 85vw, (max-width: 909px) 67vw, (max-width: 1362px) 62vw, 840px\" \/><\/p>\n<p>Tambi\u00e9n es cierto, que antes de empezar una ruta de este calibre es obligatorio realizar una revisi\u00f3n b\u00e1sica a la moto, puesto que los niveles de aceite podr\u00edan estar bajos y podr\u00eda ocasionar un dilema en la monta\u00f1a. Transportar algunas herramientas tambi\u00e9n podr\u00eda solucionar algunos problemas t\u00e9cnicos durante el largo viaje.<a href=\"https:\/\/maquinamotors.com\/blog\/como-hacer-el-mantenimiento-de-una-moto\/\">\u00a0Si hace tiempo que no se hace una revisi\u00f3n, te interesar\u00e1 saber c\u00f3mo hacer el mantenimiento b\u00e1sico de una moto.\u00a0<\/a><\/p>\n<p>La temperatura en diferentes puntos de la ruta var\u00eda bastante, por lo que ser\u00e1 indispensable disponer de dos pares de guantes para cada ocasi\u00f3n (verano e invierno).<\/p>\n<p>Tanto la chaqueta como las botas de moto deber\u00edan ser 100 % impermeables para evitar pasar fr\u00edo y conducir con los pies mojados.<\/p>\n<p>La ruta oficial empieza en <strong>Hondarribia<\/strong> (Pa\u00eds Vasco) y finaliza en Cap de Creus (Catalunya). En nuestro caso, la ruta la realizaremos a la inversa. Por lo tanto, el primer d\u00eda viajaremos a Baqueira por el Puerto de Bonaigua.<\/p>\n<p><img loading=\"lazy\" decoding=\"async\" class=\"alignnone wp-image-3010 size-large\" src=\"http:\/\/maquinamotors.com\/blog\/wp-content\/uploads\/2021\/11\/cddd_Mesa-de-trabajo-1-1024x512.png\" alt=\"\" width=\"840\" height=\"420\" srcset=\"https:\/\/maquinamotors.com\/blog\/wp-content\/uploads\/2021\/11\/cddd_Mesa-de-trabajo-1-1024x512.png 1024w, https:\/\/maquinamotors.com\/blog\/wp-content\/uploads\/2021\/11\/cddd_Mesa-de-trabajo-1-300x150.png 300w, https:\/\/maquinamotors.com\/blog\/wp-content\/uploads\/2021\/11\/cddd_Mesa-de-trabajo-1-768x384.png 768w, https:\/\/maquinamotors.com\/blog\/wp-content\/uploads\/2021\/11\/cddd_Mesa-de-trabajo-1-1200x600.png 1200w\" sizes=\"auto, (max-width: 709px) 85vw, (max-width: 909px) 67vw, (max-width: 1362px) 62vw, 840px\" \/><\/p>\n<p>El <strong>Puerto de La Bonaigua<\/strong> resulta ser el paso entre monta\u00f1as m\u00e1s elevado de Catalu\u00f1a. En \u00e9l, se realizan competiciones cicl\u00edsticas como el Tour de France o la Vuelta a Espa\u00f1a. Con un desnivel de 1.114 metros y una pendiente de 5,68 %, son 19,6 km de curvas con magn\u00edficas vistas.<\/p>\n<p>El segundo d\u00eda empezaremos en <strong>Vielha<\/strong> visitando su n\u00facleo hist\u00f3rico. A\u00fan siendo una localidad peque\u00f1a, conserva su encanto con una caracter\u00edstica arquitectura aranesa: puertas de madera, tejados de pizarra, estrechas calles y fachadas de piedra describen esta preciosa ciudad. Alrededor de Vielha se encuentra el Valle de Ar\u00e1n que dispone de un entorno paisaj\u00edstico incre\u00edble como el Parque Natural de Aig\u00fcestortes y l\u2019Estany de Sant Maurici.<\/p>\n<p>Camino a <strong>Lourdes<\/strong> descubriremos su Santuario; que permanece abierto durante todo el a\u00f1o y la entrada es gratuita. Repleto de Bas\u00edlicas, es un lugar cargado de historia. En \u00e9l, se le apareci\u00f3 la Virgen a la joven Bernadette Soubirous en 18 ocasiones durante 1858.<\/p>\n<p>Una vez visitado el Santuario nos\u00a0dirigiremos\u00a0a\u00a0<span class=\"hiddenSpellError\">Saint<\/span>\u00a0<span class=\"hiddenSpellError\">Lary<\/span>&#8211;<span class=\"hiddenSpellError\">Soulan<\/span> (Francia).<\/p>\n<p><img loading=\"lazy\" decoding=\"async\" class=\"alignnone wp-image-3011 size-large\" src=\"http:\/\/maquinamotors.com\/blog\/wp-content\/uploads\/2021\/11\/aad_Mesa-de-trabajo-1-1024x512.png\" alt=\"\" width=\"840\" height=\"420\" srcset=\"https:\/\/maquinamotors.com\/blog\/wp-content\/uploads\/2021\/11\/aad_Mesa-de-trabajo-1-1024x512.png 1024w, https:\/\/maquinamotors.com\/blog\/wp-content\/uploads\/2021\/11\/aad_Mesa-de-trabajo-1-300x150.png 300w, https:\/\/maquinamotors.com\/blog\/wp-content\/uploads\/2021\/11\/aad_Mesa-de-trabajo-1-768x384.png 768w, https:\/\/maquinamotors.com\/blog\/wp-content\/uploads\/2021\/11\/aad_Mesa-de-trabajo-1-1200x600.png 1200w\" sizes=\"auto, (max-width: 709px) 85vw, (max-width: 909px) 67vw, (max-width: 1362px) 62vw, 840px\" \/><\/p>\n<p><strong>Saint-Lary<\/strong> es un peque\u00f1o pueblo franc\u00e9s que se ubica justo en el coraz\u00f3n de los Pirineos. Con impresionantes paisajes monta\u00f1osos, cuenta con m\u00e1s de 100 km de pistas de esqu\u00ed. Adem\u00e1s, en el hotel Mercure se encuentra Sensoria, un alucinante balneario rodeado de jacuzzis termales.<\/p>\n<p>El tercer d\u00eda visitaremos las poblaciones francesas Accous, Larrau y Saint Jean Pie de Port direcci\u00f3n Hondarribia (Gipuzkoa).<\/p>\n<p>En <strong>Hondarribia<\/strong> conoceremos los trazados caracter\u00edsticos del Medievo en el Casco Hist\u00f3rico de la ciudad. Resulta obligatorio realizar una visita empezando por la Puerta de Santa Mar\u00eda siguiendo por la calle Mayor. Una de las entradas a la ciudad se encuentra en la Puerta de Santa Mar\u00eda y la otra en San Nicol\u00e1s.<\/p>\n<p><img loading=\"lazy\" decoding=\"async\" class=\"alignnone wp-image-3013 size-large\" src=\"http:\/\/maquinamotors.com\/blog\/wp-content\/uploads\/2021\/11\/dcdddd_Mesa-de-trabajo-1-727x1024.png\" alt=\"\" width=\"727\" height=\"1024\" srcset=\"https:\/\/maquinamotors.com\/blog\/wp-content\/uploads\/2021\/11\/dcdddd_Mesa-de-trabajo-1-727x1024.png 727w, https:\/\/maquinamotors.com\/blog\/wp-content\/uploads\/2021\/11\/dcdddd_Mesa-de-trabajo-1-213x300.png 213w, https:\/\/maquinamotors.com\/blog\/wp-content\/uploads\/2021\/11\/dcdddd_Mesa-de-trabajo-1-768x1082.png 768w, https:\/\/maquinamotors.com\/blog\/wp-content\/uploads\/2021\/11\/dcdddd_Mesa-de-trabajo-1-1200x1690.png 1200w\" sizes=\"auto, (max-width: 709px) 85vw, (max-width: 909px) 67vw, (max-width: 984px) 61vw, (max-width: 1362px) 45vw, 600px\" \/><\/p>\n<h1 style=\"line-height: 1.27273;\"><img loading=\"lazy\" decoding=\"async\" class=\"alignnone wp-image-3015 size-large\" src=\"http:\/\/maquinamotors.com\/blog\/wp-content\/uploads\/2021\/11\/se_Mesa-de-trabajo-1-727x1024.png\" alt=\"\" width=\"727\" height=\"1024\" srcset=\"https:\/\/maquinamotors.com\/blog\/wp-content\/uploads\/2021\/11\/se_Mesa-de-trabajo-1-727x1024.png 727w, https:\/\/maquinamotors.com\/blog\/wp-content\/uploads\/2021\/11\/se_Mesa-de-trabajo-1-213x300.png 213w, https:\/\/maquinamotors.com\/blog\/wp-content\/uploads\/2021\/11\/se_Mesa-de-trabajo-1-768x1082.png 768w, https:\/\/maquinamotors.com\/blog\/wp-content\/uploads\/2021\/11\/se_Mesa-de-trabajo-1-1200x1690.png 1200w\" sizes=\"auto, (max-width: 709px) 85vw, (max-width: 909px) 67vw, (max-width: 984px) 61vw, (max-width: 1362px) 45vw, 600px\" \/><\/h1>\n<h2>V. EL PARQUE INTERNACIONAL TAJO-TEJO<\/h2>\n<p>El Parque Internacional Tajo- Tejo tambi\u00e9n forma parte de las mejores rutas de Espa\u00f1a en moto ya que se trata de un destino imprescindible\u00a0 recorriendo 14 municipios de <strong>C\u00e1ceres<\/strong> y 12 de <strong>Portugal<\/strong>.<\/p>\n<p>Vestigios hist\u00f3ricos; entorno espectacular, carreteras rec\u00f3nditas; peque\u00f1as aldeas; rincones ocultos y referentes universales como el puente romano de Alc\u00e1ntara resumen el Parque Internacional Tajo-Tejo.<\/p>\n<p>La Reserva de la Biosfera Tajo Internacional permite una gran biodiversidad con 300 especies de fauna mediterr\u00e1nea y 900 especies vegetales.<\/p>\n<p><img loading=\"lazy\" decoding=\"async\" class=\"alignnone wp-image-3016 size-large\" src=\"http:\/\/maquinamotors.com\/blog\/wp-content\/uploads\/2021\/11\/Sin-t\u00edtulo-3r_Mesa-de-trabajo-1-1024x541.png\" alt=\"\" width=\"840\" height=\"444\" srcset=\"https:\/\/maquinamotors.com\/blog\/wp-content\/uploads\/2021\/11\/Sin-t\u00edtulo-3r_Mesa-de-trabajo-1-1024x541.png 1024w, https:\/\/maquinamotors.com\/blog\/wp-content\/uploads\/2021\/11\/Sin-t\u00edtulo-3r_Mesa-de-trabajo-1-300x159.png 300w, https:\/\/maquinamotors.com\/blog\/wp-content\/uploads\/2021\/11\/Sin-t\u00edtulo-3r_Mesa-de-trabajo-1-768x406.png 768w, https:\/\/maquinamotors.com\/blog\/wp-content\/uploads\/2021\/11\/Sin-t\u00edtulo-3r_Mesa-de-trabajo-1-1200x634.png 1200w\" sizes=\"auto, (max-width: 709px) 85vw, (max-width: 909px) 67vw, (max-width: 1362px) 62vw, 840px\" \/><\/p>\n<p>Para poder disfrutar de la Reserva de la Biosfera y Parque Natural Tajo Internacional, se realizar\u00e1 una ruta circular empezando por un impresionante monumento de los siglos XV y XVII situado en <strong>Brozas<\/strong>. Este da la bienvenida al viajero motero mediante un entorno natural de aves esteparias y acu\u00e1ticas.<\/p>\n<p><img loading=\"lazy\" decoding=\"async\" class=\"alignnone wp-image-3019 size-large\" src=\"http:\/\/maquinamotors.com\/blog\/wp-content\/uploads\/2021\/11\/ee_Mesa-de-trabajo-1-1024x541.png\" alt=\"\" width=\"840\" height=\"444\" srcset=\"https:\/\/maquinamotors.com\/blog\/wp-content\/uploads\/2021\/11\/ee_Mesa-de-trabajo-1-1024x541.png 1024w, https:\/\/maquinamotors.com\/blog\/wp-content\/uploads\/2021\/11\/ee_Mesa-de-trabajo-1-300x159.png 300w, https:\/\/maquinamotors.com\/blog\/wp-content\/uploads\/2021\/11\/ee_Mesa-de-trabajo-1-768x406.png 768w, https:\/\/maquinamotors.com\/blog\/wp-content\/uploads\/2021\/11\/ee_Mesa-de-trabajo-1-1200x634.png 1200w\" sizes=\"auto, (max-width: 709px) 85vw, (max-width: 909px) 67vw, (max-width: 1362px) 62vw, 840px\" \/><\/p>\n<p><strong>Brozas<\/strong> est\u00e1 situado en las \u201cTierras de Alc\u00e1ntara\u201d siendo un conjunto hist\u00f3rico-art\u00edstico desde 2015. Destacan los edificios religiosos, militares y civiles entre su patrimonio hist\u00f3rico. Entre ellos, la Iglesia de Santa Mar\u00eda la Mayor; la fortaleza de la Encomienda Mayor de la Orden de Alc\u00e1ntara (siglos XIII-XVIII); la casa palacio de los Arg\u00fcello-Carvajal y la de los Condes de la Encina.<\/p>\n<p><img loading=\"lazy\" decoding=\"async\" class=\"alignnone wp-image-3018 size-large\" src=\"http:\/\/maquinamotors.com\/blog\/wp-content\/uploads\/2021\/11\/ssss_Mesa-de-trabajo-1-1024x541.png\" alt=\"\" width=\"840\" height=\"444\" srcset=\"https:\/\/maquinamotors.com\/blog\/wp-content\/uploads\/2021\/11\/ssss_Mesa-de-trabajo-1-1024x541.png 1024w, https:\/\/maquinamotors.com\/blog\/wp-content\/uploads\/2021\/11\/ssss_Mesa-de-trabajo-1-300x159.png 300w, https:\/\/maquinamotors.com\/blog\/wp-content\/uploads\/2021\/11\/ssss_Mesa-de-trabajo-1-768x406.png 768w, https:\/\/maquinamotors.com\/blog\/wp-content\/uploads\/2021\/11\/ssss_Mesa-de-trabajo-1-1200x634.png 1200w\" sizes=\"auto, (max-width: 709px) 85vw, (max-width: 909px) 67vw, (max-width: 1362px) 62vw, 840px\" \/><\/p>\n<p>El <strong>Puente Romano de Alc\u00e1ntara<\/strong> fue construido entre los a\u00f1os 104 y 106. El puente destaca por conservar su firmeza, longitud (194 metros) y altura (58,20 metros) a pesar de sus dos mil a\u00f1os de antig\u00fcedad.<\/p>\n<p>La reserva de la Biosfera Tajo Internacional cuenta con un precioso patrimonio natural y cultural conectado al r\u00edo Tajo.<\/p>\n<p>Siendo el r\u00edo m\u00e1s largo de la Pen\u00ednsula Ib\u00e9rica, separa Espa\u00f1a y Portugal con una frontera de agua de 47 kil\u00f3metros.<\/p>\n<p>En la parte espa\u00f1ola del parque podemos visitar pueblos como Zarza la Mayor, Alc\u00e1ntara, Brozas, Carbajo, Santiago de Alc\u00e1ntara, Herrera de Alc\u00e1ntara, Cedillo o Valencia de Alc\u00e1ntara. En la parte portuguesa se encuentra el Castelo Branco.<\/p>\n<p><img loading=\"lazy\" decoding=\"async\" class=\"alignnone wp-image-3020 size-large\" src=\"http:\/\/maquinamotors.com\/blog\/wp-content\/uploads\/2021\/11\/SSSSDF_Mesa-de-trabajo-1-1024x541.png\" alt=\"\" width=\"840\" height=\"444\" srcset=\"https:\/\/maquinamotors.com\/blog\/wp-content\/uploads\/2021\/11\/SSSSDF_Mesa-de-trabajo-1-1024x541.png 1024w, https:\/\/maquinamotors.com\/blog\/wp-content\/uploads\/2021\/11\/SSSSDF_Mesa-de-trabajo-1-300x159.png 300w, https:\/\/maquinamotors.com\/blog\/wp-content\/uploads\/2021\/11\/SSSSDF_Mesa-de-trabajo-1-768x406.png 768w, https:\/\/maquinamotors.com\/blog\/wp-content\/uploads\/2021\/11\/SSSSDF_Mesa-de-trabajo-1-1200x634.png 1200w\" sizes=\"auto, (max-width: 709px) 85vw, (max-width: 909px) 67vw, (max-width: 1362px) 62vw, 840px\" \/><\/p>\n<h2>VI. PUEBLOS NEGROS DE GUADALAJARA<\/h2>\n<p>Tambi\u00e9n conocida como la ruta de la arquitectura negra, <em>las mejores rutas de Espa\u00f1a en moto<\/em> contempla los pueblos situados en el norte de Guadalajara. El motivo por el cual se conoce la ruta de los pueblos negros es la fisonom\u00eda arquitect\u00f3nica basada en la pizarra negra.<\/p>\n<p>El primer pueblo que visitaremos durante esta preciosa ruta es <strong>Cogolludo<\/strong>, que dispone de su propio eslogan <strong>\u201cTu pueblo ser\u00e1 bonito, pero el nuestro es Cogolludo\u201d<\/strong>. En el cual encontraremos el Palacio Ducal de estilo renacentista y las Bodegas Finca R\u00edo Negro a 1000 metros de altitud.<\/p>\n<p><img loading=\"lazy\" decoding=\"async\" class=\"alignnone wp-image-3021 size-large\" src=\"http:\/\/maquinamotors.com\/blog\/wp-content\/uploads\/2021\/11\/eef_Mesa-de-trabajo-1-1024x541.png\" alt=\"\" width=\"840\" height=\"444\" srcset=\"https:\/\/maquinamotors.com\/blog\/wp-content\/uploads\/2021\/11\/eef_Mesa-de-trabajo-1-1024x541.png 1024w, https:\/\/maquinamotors.com\/blog\/wp-content\/uploads\/2021\/11\/eef_Mesa-de-trabajo-1-300x159.png 300w, https:\/\/maquinamotors.com\/blog\/wp-content\/uploads\/2021\/11\/eef_Mesa-de-trabajo-1-768x406.png 768w, https:\/\/maquinamotors.com\/blog\/wp-content\/uploads\/2021\/11\/eef_Mesa-de-trabajo-1-1200x634.png 1200w\" sizes=\"auto, (max-width: 709px) 85vw, (max-width: 909px) 67vw, (max-width: 1362px) 62vw, 840px\" \/><\/p>\n<p>En <strong>Cantalojas<\/strong> encontraremos el Hayedo de Tejera Negra que es Patrimonio Mundial de la UNESCO. Este se encuentra en el parque natural de la Sierra Norte de Guadalajara.<\/p>\n<p>Existen dos rutas circulares para realizar a pie, la primera es la Senda de Carretas (6 Km.); la segunda, la Senda del Robledal (17 Km.). En ning\u00fan caso se recomienda acceder a las Sendas del Hayedo con carritos con ni\u00f1os peque\u00f1os debido al estado natural del terreno.<\/p>\n<p>Adem\u00e1s, ser\u00e1 imprescindible reservar en oto\u00f1o para poder acceder en turismo al aparcamiento interior. Para reservar el aparcamiento es necesario entrar en esta<a href=\"http:\/\/hayedotejeranegra.castillalamancha.es\/ventaenlinea\"> p\u00e1gina web<\/a>.<\/p>\n<p><strong>Valverde de los Arroyos<\/strong> se considera el pueblo m\u00e1s bonito de la ruta de la arquitectura negra. En \u00e9l, realizaremos senderismo para visitar Las Chorreras de Despe\u00f1alagua, unas cascadas con una ca\u00edda de 100 metros de altura.<\/p>\n<p><img loading=\"lazy\" decoding=\"async\" class=\"alignnone wp-image-3023 size-large\" src=\"http:\/\/maquinamotors.com\/blog\/wp-content\/uploads\/2021\/11\/hola_Mesa-de-trabajo-1-1024x541.png\" alt=\"\" width=\"840\" height=\"444\" srcset=\"https:\/\/maquinamotors.com\/blog\/wp-content\/uploads\/2021\/11\/hola_Mesa-de-trabajo-1-1024x541.png 1024w, https:\/\/maquinamotors.com\/blog\/wp-content\/uploads\/2021\/11\/hola_Mesa-de-trabajo-1-300x159.png 300w, https:\/\/maquinamotors.com\/blog\/wp-content\/uploads\/2021\/11\/hola_Mesa-de-trabajo-1-768x406.png 768w, https:\/\/maquinamotors.com\/blog\/wp-content\/uploads\/2021\/11\/hola_Mesa-de-trabajo-1-1200x634.png 1200w\" sizes=\"auto, (max-width: 709px) 85vw, (max-width: 909px) 67vw, (max-width: 1362px) 62vw, 840px\" \/><\/p>\n<p>Un conjunto uniforme de casas de pizarra junto a calles irregulares y poco tr\u00e1nsito de veh\u00edculos forman <strong>Campillejo<\/strong>. Situado en el centro del valle orientado norte-sur, es el lugar perfecto para practicar senderismo, kayaking, pirag\u00fcismo y bicicleta de monta\u00f1a o carretera.<\/p>\n<p><strong>Majaelrayo<\/strong> es conocido por sus ba\u00f1os de agua curativa (ba\u00f1os de Robledo). Adem\u00e1s, el pueblo dispone de un peque\u00f1o museo en el cual se muestra la historia del lugar.<\/p>\n<p><img loading=\"lazy\" decoding=\"async\" class=\"alignnone wp-image-3024 size-large\" src=\"http:\/\/maquinamotors.com\/blog\/wp-content\/uploads\/2021\/11\/majaelrayo_Mesa-de-trabajo-1-1024x541.png\" alt=\"\" width=\"840\" height=\"444\" srcset=\"https:\/\/maquinamotors.com\/blog\/wp-content\/uploads\/2021\/11\/majaelrayo_Mesa-de-trabajo-1-1024x541.png 1024w, https:\/\/maquinamotors.com\/blog\/wp-content\/uploads\/2021\/11\/majaelrayo_Mesa-de-trabajo-1-300x159.png 300w, https:\/\/maquinamotors.com\/blog\/wp-content\/uploads\/2021\/11\/majaelrayo_Mesa-de-trabajo-1-768x406.png 768w, https:\/\/maquinamotors.com\/blog\/wp-content\/uploads\/2021\/11\/majaelrayo_Mesa-de-trabajo-1-1200x634.png 1200w\" sizes=\"auto, (max-width: 709px) 85vw, (max-width: 909px) 67vw, (max-width: 1362px) 62vw, 840px\" \/><strong>Tamaj\u00f3n<\/strong> es sin\u00f3nimo de historia y tradiciones. El pueblo conserva a\u00fan varios palacios y casonas se\u00f1oriales del s. XVI caracterizados con escudos hist\u00f3ricos. Monumentos como la Iglesia de Nuestra Se\u00f1ora de la asunci\u00f3n o la Ermita de los Enebrales son destacados.<\/p>\n<p><img loading=\"lazy\" decoding=\"async\" class=\"alignnone wp-image-3025 size-large\" src=\"http:\/\/maquinamotors.com\/blog\/wp-content\/uploads\/2021\/11\/fe_Mesa-de-trabajo-1-1024x541.png\" alt=\"\" width=\"840\" height=\"444\" srcset=\"https:\/\/maquinamotors.com\/blog\/wp-content\/uploads\/2021\/11\/fe_Mesa-de-trabajo-1-1024x541.png 1024w, https:\/\/maquinamotors.com\/blog\/wp-content\/uploads\/2021\/11\/fe_Mesa-de-trabajo-1-300x159.png 300w, https:\/\/maquinamotors.com\/blog\/wp-content\/uploads\/2021\/11\/fe_Mesa-de-trabajo-1-768x406.png 768w, https:\/\/maquinamotors.com\/blog\/wp-content\/uploads\/2021\/11\/fe_Mesa-de-trabajo-1-1200x634.png 1200w\" sizes=\"auto, (max-width: 709px) 85vw, (max-width: 909px) 67vw, (max-width: 1362px) 62vw, 840px\" \/><\/p>\n<h2>VII. RUTA DE LOS OASIS (BAJO ARAG\u00d3N)<\/h2>\n<p>La ruta de \u201clos oasis\u201d cuenta con aproximadamente 84 Km entre las sierras del <strong>Bajo Arag\u00f3n<\/strong>. Esta se divide en siete tramos empezando en <strong>Alca\u00f1iz<\/strong> y acabando en <strong>Berge<\/strong>.<\/p>\n<p>El primer tramo rodea la <strong>Estanca de Alca\u00f1iz<\/strong> siendo un peque\u00f1o lago con un nivel artificial de agua regulada. Se trata de uno de los paisajes m\u00e1s encantadores de Alca\u00f1iz por su gran variedad de especies de fauna acu\u00e1tica. La Estanca est\u00e1 formada por una hoya natural de 6 km y almacena 11 millones de metros c\u00fabicos.<\/p>\n<p>A continuaci\u00f3n, retomaremos el viaje hacia <strong>Alca\u00f1iz<\/strong> por la <strong>N-232<\/strong> para realizar el segundo tramo de esta ruta. Este tramo empieza en Alca\u00f1iz a trav\u00e9s de la A-1409 y acaba en <strong>Castelser\u00e1s<\/strong>. En \u00e9l, observaremos una vegetaci\u00f3n diversa cerca de la ribera de Guadalupe.<\/p>\n<p>Mediante la A-1409 llegaremos a <strong>Torrevelilla<\/strong>, una poblaci\u00f3n situada entre los r\u00edos Guadalupe y Mezqu\u00edn. En ella, encontraremos un paisaje agrario de cereal, almendro y olivar. Tambi\u00e9n destacan la Iglesia parroquial y la casa consistorial. Dicha Iglesia fue construida ladrillo a ladrillo con un estilo neomud\u00e9jar. La casa consistorial se encontraba en la antigua plaza Mayor y su origen se remonta al siglo XVII.<\/p>\n<p>Direcci\u00f3n Calanda por la A-2406 nos encontraremos en el punto de confluencia entre los r\u00edos Guadalope y Guadalopillo. Calanda es famosa por su peculiar Ruta del Tambor y del Bombo del <strong>Bajo Arag\u00f3n<\/strong>. Estas rutas se realizan en Semana Santa mediante un atuendo t\u00edpico: una t\u00fanica y tercerol morado, bombo y tambor.<\/p>\n<p>Otras sorpresas que esconde <strong>Calanda<\/strong> son los edificios de estilo renacentista como la Casa de la Villa con una fachada de estilo rococ\u00f3 del a\u00f1o 1704. En cuanto al Embalse de Calanda, se encuentra sobre el r\u00edo Guadalope.<\/p>\n<p>Para continuar el tramo cinco conduciremos a Mas de las Matas mediante la A-226. Es una poblaci\u00f3n situada entre el valle del Ebro y la Cordillera Ib\u00e9rica.<\/p>\n<p>Direcci\u00f3n Alcorisa por la A-225 encontraremos rocas retorcidas por fuertes empujes. Finalmente, nos dirigiremos a <strong>Berge<\/strong> para acabar la ruta. Finalmente, nos dirigiremos a Berge para acabar la ruta bordeando el Embalse de Gallipu\u00e9n construido en 1927.<\/p>\n<p><img loading=\"lazy\" decoding=\"async\" class=\"alignnone wp-image-3026 size-large\" src=\"http:\/\/maquinamotors.com\/blog\/wp-content\/uploads\/2021\/11\/jj-1024x662.png\" alt=\"\" width=\"840\" height=\"543\" srcset=\"https:\/\/maquinamotors.com\/blog\/wp-content\/uploads\/2021\/11\/jj-1024x662.png 1024w, https:\/\/maquinamotors.com\/blog\/wp-content\/uploads\/2021\/11\/jj-300x194.png 300w, https:\/\/maquinamotors.com\/blog\/wp-content\/uploads\/2021\/11\/jj-768x496.png 768w, https:\/\/maquinamotors.com\/blog\/wp-content\/uploads\/2021\/11\/jj-1200x776.png 1200w\" sizes=\"auto, (max-width: 709px) 85vw, (max-width: 909px) 67vw, (max-width: 1362px) 62vw, 840px\" \/><\/p>\n<p>&nbsp;<\/p>\n<h2>VIII. EL CAMINO DE SANTIAGO EN MOTO<\/h2>\n<p>Se trata de una ruta de 689 km recorriendo preciosos paisajes y carreteras entre Ir\u00fan y Santiago de Compostela (<strong>Donostia-San Sebasti\u00e1n, Bilbao, Castro Urdiales, Santander, Torrelavega, Gij\u00f3n, Ribadeo, Villalba, Betanzos y Santiago<\/strong>). Otra opci\u00f3n transcurrir\u00eda el interior siguiendo el Camino Franc\u00e9s por Vitoria \u2013 Gasteiz enlazando en Burgos o Santo Domingo de la Calzada.<\/p>\n<p>Una de las ventajas de realizar el Camino de Santiago en moto es hacer menos esfuerzo f\u00edsico que el resto de modalidades con la posibilidad de visitar diversas rutas. No obstante, la ruta en moto tambi\u00e9n puede resultar agotadora debido a las condiciones del pavimento.<\/p>\n<p>De camino a Santiago de Compostela, si escogemos el Camino Franc\u00e9s resultar\u00e1 m\u00e1s bonita la ruta ofreciendo caminos circulares y diferentes trazados.<\/p>\n<p>&nbsp;<\/p>\n<p><strong>ETAPA 1<\/strong><br \/>\nLa primera etapa de esta ruta cuenta con 246 km de diversi\u00f3n desde <strong>Barrakaldo<\/strong> (Bilbao) a <strong>Ribadesella<\/strong> pasando por Santander.<\/p>\n<p>En el caso de realizar el Camino Franc\u00e9s, en <strong>Elg\u00f3ibar<\/strong> nos desviaremos hasta Vitoria-Gasteiz para visitar la ruta jacobea urbana, la Bas\u00edlica de San Prudencio en Armentia (medieval) y la estatua del Peregrino en los jardines de Etxanobe.<\/p>\n<p><img loading=\"lazy\" decoding=\"async\" class=\"alignnone wp-image-3029 size-large\" src=\"http:\/\/maquinamotors.com\/blog\/wp-content\/uploads\/2021\/11\/ded_Mesa-de-trabajo-1-1024x541.png\" alt=\"\" width=\"840\" height=\"444\" srcset=\"https:\/\/maquinamotors.com\/blog\/wp-content\/uploads\/2021\/11\/ded_Mesa-de-trabajo-1-1024x541.png 1024w, https:\/\/maquinamotors.com\/blog\/wp-content\/uploads\/2021\/11\/ded_Mesa-de-trabajo-1-300x159.png 300w, https:\/\/maquinamotors.com\/blog\/wp-content\/uploads\/2021\/11\/ded_Mesa-de-trabajo-1-768x406.png 768w, https:\/\/maquinamotors.com\/blog\/wp-content\/uploads\/2021\/11\/ded_Mesa-de-trabajo-1-1200x634.png 1200w\" sizes=\"auto, (max-width: 709px) 85vw, (max-width: 909px) 67vw, (max-width: 1362px) 62vw, 840px\" \/><\/p>\n<p><strong>ETAPA 2<\/strong><\/p>\n<p>La segunda etapa se origina desde <strong>Ribadesella<\/strong> a <strong>Ribadeo<\/strong> (242 km). En dicha etapa encontraremos algunas playas como la de Santa Marina, La Espada o La Isla en el camino entre Ribadesella y Colunga.<\/p>\n<p>En <strong>Gij\u00f3n<\/strong> encontraremos el viejo barrio de pescadores de Cimadevilla, el palacio de Revillagigedo o el cerro de Santa Catalina. En esta poblaci\u00f3n se encuentra una bifurcaci\u00f3n que separa el Camino del Norte (Gij\u00f3n) del Camino Franc\u00e9s (Oviedo). En este punto, deber\u00edamos considerar si el camino continuar\u00e1 hacia Lugo para visitar el interior o direcci\u00f3n Avil\u00e9s por la costa.<\/p>\n<p>Si escogemos el camino del Norte llegaremos a <strong>Avil\u00e9s<\/strong>, un pueblo de tradici\u00f3n pesquera consolidado como un destino tur\u00edstico. Es conocido por sus plazas y palacios de estilo arquitect\u00f3nico rom\u00e1nico, g\u00f3tico, barroco y modernista (s. XII).<\/p>\n<p>Continuando la ruta, observaremos pueblos como <strong>Muros de Nal\u00f3n<\/strong>, un importante puerto mar\u00edtimo ubicado en la ribera del r\u00edo Nal\u00f3n. En <strong>Solo de Lui\u00f1a<\/strong>, encontraremos dos trazados para los peregrinos: el Cam\u00ed Real de Las Ballotas (situado en la costa) o el camino de la Sierra de Las Palancas (situado en la monta\u00f1a). El primero ofrece unas vistas impresionantes a sus acantilados y acceso a varias playas.<\/p>\n<p>De camino a Ribadeo visitaremos <strong>Cadavedo<\/strong>, el pueblo m\u00e1s bonito de Asturias por sus id\u00edlicos paisajes de monta\u00f1a y playa.<\/p>\n<p><strong><img loading=\"lazy\" decoding=\"async\" class=\"alignnone wp-image-3030 size-large\" src=\"http:\/\/maquinamotors.com\/blog\/wp-content\/uploads\/2021\/11\/aviless_Mesa-de-trabajo-1-1024x541.png\" alt=\"\" width=\"840\" height=\"444\" srcset=\"https:\/\/maquinamotors.com\/blog\/wp-content\/uploads\/2021\/11\/aviless_Mesa-de-trabajo-1-1024x541.png 1024w, https:\/\/maquinamotors.com\/blog\/wp-content\/uploads\/2021\/11\/aviless_Mesa-de-trabajo-1-300x159.png 300w, https:\/\/maquinamotors.com\/blog\/wp-content\/uploads\/2021\/11\/aviless_Mesa-de-trabajo-1-768x406.png 768w, https:\/\/maquinamotors.com\/blog\/wp-content\/uploads\/2021\/11\/aviless_Mesa-de-trabajo-1-1200x634.png 1200w\" sizes=\"auto, (max-width: 709px) 85vw, (max-width: 909px) 67vw, (max-width: 1362px) 62vw, 840px\" \/><\/strong><\/p>\n<p><strong>ETAPA 3<\/strong><\/p>\n<p>La tercera etapa de este viaje recorre 200 km entre <strong>Ribadeo<\/strong> y <strong>Santiago de Compostela.<\/strong><\/p>\n<p>Ribadeo es una villa que ejerce de puerta de entrada de Asturias a Galicia. Se trata de un punto estrat\u00e9gico con gran relevancia hist\u00f3rica y comercial. Visitar la famosa playa de las Catedrales aportar\u00e1 una experiencia pac\u00edfica y meditativa cuando la marea es baja.<\/p>\n<p><img loading=\"lazy\" decoding=\"async\" class=\"alignnone wp-image-3032 size-large\" src=\"http:\/\/maquinamotors.com\/blog\/wp-content\/uploads\/2021\/11\/CATEDRALES_Mesa-de-trabajo-1-1-1024x541.png\" alt=\"\" width=\"840\" height=\"444\" srcset=\"https:\/\/maquinamotors.com\/blog\/wp-content\/uploads\/2021\/11\/CATEDRALES_Mesa-de-trabajo-1-1-1024x541.png 1024w, https:\/\/maquinamotors.com\/blog\/wp-content\/uploads\/2021\/11\/CATEDRALES_Mesa-de-trabajo-1-1-300x159.png 300w, https:\/\/maquinamotors.com\/blog\/wp-content\/uploads\/2021\/11\/CATEDRALES_Mesa-de-trabajo-1-1-768x406.png 768w, https:\/\/maquinamotors.com\/blog\/wp-content\/uploads\/2021\/11\/CATEDRALES_Mesa-de-trabajo-1-1-1200x634.png 1200w\" sizes=\"auto, (max-width: 709px) 85vw, (max-width: 909px) 67vw, (max-width: 1362px) 62vw, 840px\" \/><\/p>\n<p>De camino a <strong>Santiago<\/strong> encontraremos pueblos o ciudades con encanto como <strong>Mondo\u00f1edo<\/strong>. Un lugar de ensue\u00f1o por su historia, naturaleza, cultura, gastronom\u00eda, literatura y artesan\u00eda. En \u00e9l, visitaremos las cuevas m\u00e1s grandes de <strong>Galicia<\/strong> (Cova do Rei Cintola); el Palacio Episcopal reformado en el s. XVIII; el Santuario de Os Remedios (s. XVIII); \u00e1reas protegidas como A Fraga Vella o el monumento m\u00e1s destacado de la ciudad: la Catedral Bas\u00edlica de la Asunci\u00f3n (Patrimonio de la UNESCO).<\/p>\n<p>M\u00e1s adelante, en <strong>Lugo<\/strong> podremos visitar su muralla romana; el templo romano; la Casa de los mosaicos; una piscina romana; el puente romano y las termas romanas construidas en el Imperio Romano.<\/p>\n<p><img loading=\"lazy\" decoding=\"async\" class=\"alignnone wp-image-3034 size-large\" src=\"http:\/\/maquinamotors.com\/blog\/wp-content\/uploads\/2021\/11\/lugo_Mesa-de-trabajo-1-1024x541.png\" alt=\"Cate\" width=\"840\" height=\"444\" srcset=\"https:\/\/maquinamotors.com\/blog\/wp-content\/uploads\/2021\/11\/lugo_Mesa-de-trabajo-1-1024x541.png 1024w, https:\/\/maquinamotors.com\/blog\/wp-content\/uploads\/2021\/11\/lugo_Mesa-de-trabajo-1-300x159.png 300w, https:\/\/maquinamotors.com\/blog\/wp-content\/uploads\/2021\/11\/lugo_Mesa-de-trabajo-1-768x406.png 768w, https:\/\/maquinamotors.com\/blog\/wp-content\/uploads\/2021\/11\/lugo_Mesa-de-trabajo-1-1200x634.png 1200w\" sizes=\"auto, (max-width: 709px) 85vw, (max-width: 909px) 67vw, (max-width: 1362px) 62vw, 840px\" \/><\/p>\n<p>Continuando la ruta, visitaremos <strong>Arz\u00faa<\/strong>, un municipio rural conocido por la elaboraci\u00f3n de queso gallego. Este es elaborado con leche de denominaci\u00f3n de origen Az\u00faa-Ulloa. Pasear por el Embalse de Portodemouros, cruzar el Ponte de Ribadiso, sentir la presencia del Camino de Santiago o celebrar la Festa do Queixo ser\u00e1 imprescindible en Arz\u00faa.<\/p>\n<p>Por \u00faltimo, llegaremos a<strong> Santiago de Compostela<\/strong>, la ciudad m\u00e1s cosmopolita de Galicia. Aqu\u00ed, visitaremos las cubiertas de la Catedral, el parque de la Alameda, el Museo Etnogr\u00e1fico do Pobo Gallego, el Cant\u00f3n do Toural y el Centro Galego de Arte Contempor\u00e1nea en Bonaval.<\/p>\n<p>Continuando por <strong>San Roque<\/strong> situado en la zona vieja de Santiago, podremos apreciar el antiguo Hospital Barroco; una preciosa torre g\u00f3tica del siglo XIII; la casa m\u00e1s antigua de la ciudad situada en el n\u00fam. 29 (s. VI o XII); el pazo barroco de Amarante y la iglesia de San Agust\u00edn.<\/p>\n<p>Entrando por el camino de <strong>Santiago<\/strong>, concretamente, en el callej\u00f3n de A Tafona veremos la Porta do Cami\u00f1o. Por la cual entraban los peregrinos\u00a0 desde el Camino Franc\u00e9s.<\/p>\n<p><img loading=\"lazy\" decoding=\"async\" class=\"alignnone wp-image-3035 size-large\" src=\"http:\/\/maquinamotors.com\/blog\/wp-content\/uploads\/2021\/11\/des_Mesa-de-trabajo-1-1024x541.png\" alt=\"\" width=\"840\" height=\"444\" srcset=\"https:\/\/maquinamotors.com\/blog\/wp-content\/uploads\/2021\/11\/des_Mesa-de-trabajo-1-1024x541.png 1024w, https:\/\/maquinamotors.com\/blog\/wp-content\/uploads\/2021\/11\/des_Mesa-de-trabajo-1-300x159.png 300w, https:\/\/maquinamotors.com\/blog\/wp-content\/uploads\/2021\/11\/des_Mesa-de-trabajo-1-768x406.png 768w, https:\/\/maquinamotors.com\/blog\/wp-content\/uploads\/2021\/11\/des_Mesa-de-trabajo-1-1200x634.png 1200w\" sizes=\"auto, (max-width: 709px) 85vw, (max-width: 909px) 67vw, (max-width: 1362px) 62vw, 840px\" \/><\/p>\n<p>Durante el mes de marzo, julio y noviembre se celebran varios festivales que resultan ser imprescindibles de visitar:<\/p>\n<p>\u00b7 El primero es el Festival Internacional de teatro Universitario. Este se celebra en marzo con grupos de teatro europeos e iberoamericanos.<\/p>\n<p>\u00b7 El Festival de M\u00fasica \u201cV\u00eda Stellae\u201d se celebra a principios de julio uniendo a los mejores instrumentistas y vocalistas del mundo.<\/p>\n<p>\u00b7 Una de las fiestas de Inter\u00e9s Tur\u00edstico Internacional es la Fiesta del Ap\u00f3stol. Celebrada del 15 al 31 de julio. Son ceremonias religiosas con Misa Pontificial y Botafumeiro en la Catedral.<\/p>\n<p>\u00b7 Durante el mes de noviembre se celebra la tradici\u00f3n Cineuropa. En la cual se revisa la temporada de cine no comercial.<\/p>\n<p><img loading=\"lazy\" decoding=\"async\" class=\"alignnone wp-image-3036 size-large\" src=\"http:\/\/maquinamotors.com\/blog\/wp-content\/uploads\/2021\/11\/ddd_Mesa-de-trabajo-1-1024x541.png\" alt=\"\" width=\"840\" height=\"444\" srcset=\"https:\/\/maquinamotors.com\/blog\/wp-content\/uploads\/2021\/11\/ddd_Mesa-de-trabajo-1-1024x541.png 1024w, https:\/\/maquinamotors.com\/blog\/wp-content\/uploads\/2021\/11\/ddd_Mesa-de-trabajo-1-300x159.png 300w, https:\/\/maquinamotors.com\/blog\/wp-content\/uploads\/2021\/11\/ddd_Mesa-de-trabajo-1-768x406.png 768w, https:\/\/maquinamotors.com\/blog\/wp-content\/uploads\/2021\/11\/ddd_Mesa-de-trabajo-1-1200x634.png 1200w\" sizes=\"auto, (max-width: 709px) 85vw, (max-width: 909px) 67vw, (max-width: 1362px) 62vw, 840px\" \/><\/p>\n<p>&nbsp;<\/p>\n<div role=\"form\" class=\"wpcf7\" id=\"wpcf7-f860-o1\" lang=\"es-ES\" dir=\"ltr\">\n<div class=\"screen-reader-response\"><p role=\"status\" aria-live=\"polite\" aria-atomic=\"true\"><\/p> <ul><\/ul><\/div>\n<form action=\"\/blog\/wp-json\/wp\/v2\/posts\/2457#wpcf7-f860-o1\" method=\"post\" class=\"wpcf7-form init\" novalidate=\"novalidate\" data-status=\"init\">\n<div style=\"display: none;\">\n<input type=\"hidden\" name=\"_wpcf7\" value=\"860\" \/>\n<input type=\"hidden\" name=\"_wpcf7_version\" value=\"5.5.6\" \/>\n<input type=\"hidden\" name=\"_wpcf7_locale\" value=\"es_ES\" \/>\n<input type=\"hidden\" name=\"_wpcf7_unit_tag\" value=\"wpcf7-f860-o1\" \/>\n<input type=\"hidden\" name=\"_wpcf7_container_post\" value=\"0\" \/>\n<input type=\"hidden\" name=\"_wpcf7_posted_data_hash\" value=\"\" \/>\n<\/div>\n<p><label> Nombre (required)<br \/>\n    <span class=\"wpcf7-form-control-wrap your-name\"><input type=\"text\" name=\"your-name\" value=\"\" size=\"40\" class=\"wpcf7-form-control wpcf7-text wpcf7-validates-as-required\" aria-required=\"true\" aria-invalid=\"false\" \/><\/span> <\/label><\/p>\n<p><label> Email (required)<br \/>\n    <span class=\"wpcf7-form-control-wrap your-email\"><input type=\"email\" name=\"your-email\" value=\"\" size=\"40\" class=\"wpcf7-form-control wpcf7-text wpcf7-email wpcf7-validates-as-required wpcf7-validates-as-email\" aria-required=\"true\" aria-invalid=\"false\" \/><\/span> <\/label><\/p>\n<p><span class=\"wpcf7-form-control-wrap mailjet-opt-in\"><span class=\"wpcf7-form-control wpcf7-checkbox\"><span class=\"wpcf7-list-item first last\"><input type=\"checkbox\" name=\"mailjet-opt-in[]\" value=\"Suscr\u00edbase a nuestro bolet\u00edn de noticias\" \/><span class=\"wpcf7-list-item-label\">Suscr\u00edbase a nuestro bolet\u00edn de noticias<\/span><\/span><\/span><\/span><\/p>\n<p><input type=\"submit\" value=\"Enviar\" class=\"wpcf7-form-control has-spinner wpcf7-submit\" \/><\/p>\n<div class=\"wpcf7-response-output\" aria-hidden=\"true\"><\/div><\/form><\/div>\n","protected":false},"excerpt":{"rendered":"<p>Estas son las mejores rutas de Espa\u00f1a en moto I. RUTA V\u00cdA DE LA PLATA Aproximadamente 1.000 kil\u00f3metros desde Andaluc\u00eda hasta Asturias en busca de la mejor gastronom\u00eda, diversidad de paisajes y variedad cultural. Esta maravillosa ruta atraviesa cuatro comunidades aut\u00f3nomas y paisajes de ensue\u00f1o, por lo que, resulta imprescindible en nuestra gu\u00eda de rutas. &hellip; <a href=\"https:\/\/maquinamotors.com\/blog\/las-mejores-rutas-de-espana-en-moto\/\" class=\"more-link\">Continuar leyendo<span class=\"screen-reader-text\"> \u00abLas mejores rutas de Espa\u00f1a en moto\u00bb<\/span><\/a><\/p>\n","protected":false},"author":3,"featured_media":3040,"comment_status":"open","ping_status":"open","sticky":false,"template":"","format":"standard","meta":{"footnotes":""},"categories":[507],"tags":[673,669,571,612],"class_list":["post-2457","post","type-post","status-publish","format-standard","has-post-thumbnail","hentry","category-guias","tag-equipaje","tag-espana","tag-rutas","tag-viajes"],"yoast_head":"<!-- This site is optimized with the Yoast SEO plugin v19.2 - https:\/\/yoast.com\/wordpress\/plugins\/seo\/ -->\n<title>Las mejores rutas de Espa\u00f1a en moto - El Blog Maquina Motors<\/title>\n<meta name=\"description\" content=\"Las mejores rutas de Espa\u00f1a en moto pasan por la Ruta v\u00eda de la plata, los Picos de europa, los pueblos negros de guadalajara...\" \/>\n<meta name=\"robots\" content=\"index, follow, max-snippet:-1, max-image-preview:large, max-video-preview:-1\" \/>\n<link rel=\"canonical\" href=\"https:\/\/maquinamotors.com\/blog\/las-mejores-rutas-de-espana-en-moto\/\" \/>\n<meta property=\"og:locale\" content=\"es_ES\" \/>\n<meta property=\"og:type\" content=\"article\" \/>\n<meta property=\"og:title\" content=\"Las mejores rutas de Espa\u00f1a en moto - El Blog Maquina Motors\" \/>\n<meta property=\"og:description\" content=\"Las mejores rutas de Espa\u00f1a en moto pasan por la Ruta v\u00eda de la plata, los Picos de europa, los pueblos negros de guadalajara...\" \/>\n<meta property=\"og:url\" content=\"https:\/\/maquinamotors.com\/blog\/las-mejores-rutas-de-espana-en-moto\/\" \/>\n<meta property=\"og:site_name\" content=\"Maquina Motors\" \/>\n<meta property=\"article:published_time\" content=\"2021-12-27T16:10:12+00:00\" \/>\n<meta property=\"article:modified_time\" content=\"2025-12-30T15:31:04+00:00\" \/>\n<meta property=\"og:image\" content=\"https:\/\/maquinamotors.com\/blog\/wp-content\/uploads\/2021\/11\/Blanco-Marr\u00f3n-Foto-Camping-Fundamentos-Blog-Banner.png\" \/>\n\t<meta property=\"og:image:width\" content=\"2240\" \/>\n\t<meta property=\"og:image:height\" content=\"1260\" \/>\n\t<meta property=\"og:image:type\" content=\"image\/png\" \/>\n<meta name=\"author\" content=\"Judith\" \/>\n<meta name=\"twitter:card\" content=\"summary_large_image\" \/>\n<meta name=\"twitter:label1\" content=\"Escrito por\" \/>\n\t<meta name=\"twitter:data1\" content=\"Judith\" \/>\n\t<meta name=\"twitter:label2\" content=\"Tiempo de lectura\" \/>\n\t<meta name=\"twitter:data2\" content=\"16 minutos\" \/>\n<script type=\"application\/ld+json\" class=\"yoast-schema-graph\">{\"@context\":\"https:\/\/schema.org\",\"@graph\":[{\"@type\":\"WebSite\",\"@id\":\"https:\/\/maquinamotors.com\/blog\/#website\",\"url\":\"https:\/\/maquinamotors.com\/blog\/\",\"name\":\"Maquina Motors\",\"description\":\"Pasi\u00f3n por las motos desde 1978\",\"potentialAction\":[{\"@type\":\"SearchAction\",\"target\":{\"@type\":\"EntryPoint\",\"urlTemplate\":\"https:\/\/maquinamotors.com\/blog\/?s={search_term_string}\"},\"query-input\":\"required name=search_term_string\"}],\"inLanguage\":\"es\"},{\"@type\":\"ImageObject\",\"inLanguage\":\"es\",\"@id\":\"https:\/\/maquinamotors.com\/blog\/las-mejores-rutas-de-espana-en-moto\/#primaryimage\",\"url\":\"https:\/\/maquinamotors.com\/blog\/wp-content\/uploads\/2021\/11\/Blanco-Marr\u00f3n-Foto-Camping-Fundamentos-Blog-Banner.png\",\"contentUrl\":\"https:\/\/maquinamotors.com\/blog\/wp-content\/uploads\/2021\/11\/Blanco-Marr\u00f3n-Foto-Camping-Fundamentos-Blog-Banner.png\",\"width\":\"2240\",\"height\":\"1260\"},{\"@type\":\"WebPage\",\"@id\":\"https:\/\/maquinamotors.com\/blog\/las-mejores-rutas-de-espana-en-moto\/#webpage\",\"url\":\"https:\/\/maquinamotors.com\/blog\/las-mejores-rutas-de-espana-en-moto\/\",\"name\":\"Las mejores rutas de Espa\u00f1a en moto - El Blog Maquina Motors\",\"isPartOf\":{\"@id\":\"https:\/\/maquinamotors.com\/blog\/#website\"},\"primaryImageOfPage\":{\"@id\":\"https:\/\/maquinamotors.com\/blog\/las-mejores-rutas-de-espana-en-moto\/#primaryimage\"},\"datePublished\":\"2021-12-27T16:10:12+00:00\",\"dateModified\":\"2025-12-30T15:31:04+00:00\",\"author\":{\"@id\":\"https:\/\/maquinamotors.com\/blog\/#\/schema\/person\/89eed1f278ed42f1d95ea5e539ef5a5d\"},\"description\":\"Las mejores rutas de Espa\u00f1a en moto pasan por la Ruta v\u00eda de la plata, los Picos de europa, los pueblos negros de guadalajara...\",\"breadcrumb\":{\"@id\":\"https:\/\/maquinamotors.com\/blog\/las-mejores-rutas-de-espana-en-moto\/#breadcrumb\"},\"inLanguage\":\"es\",\"potentialAction\":[{\"@type\":\"ReadAction\",\"target\":[\"https:\/\/maquinamotors.com\/blog\/las-mejores-rutas-de-espana-en-moto\/\"]}]},{\"@type\":\"BreadcrumbList\",\"@id\":\"https:\/\/maquinamotors.com\/blog\/las-mejores-rutas-de-espana-en-moto\/#breadcrumb\",\"itemListElement\":[{\"@type\":\"ListItem\",\"position\":1,\"name\":\"Home\",\"item\":\"https:\/\/maquinamotors.com\/blog\/\"},{\"@type\":\"ListItem\",\"position\":2,\"name\":\"Las mejores rutas de Espa\u00f1a en moto\"}]},{\"@type\":\"Person\",\"@id\":\"https:\/\/maquinamotors.com\/blog\/#\/schema\/person\/89eed1f278ed42f1d95ea5e539ef5a5d\",\"name\":\"Judith\",\"image\":{\"@type\":\"ImageObject\",\"inLanguage\":\"es\",\"@id\":\"https:\/\/maquinamotors.com\/blog\/#\/schema\/person\/image\/\",\"url\":\"https:\/\/secure.gravatar.com\/avatar\/d62088ee4e4c8e7f0734f1e70085b2889a91b0f85d2b20645e2dc287c7fd0039?s=96&d=mm&r=g\",\"contentUrl\":\"https:\/\/secure.gravatar.com\/avatar\/d62088ee4e4c8e7f0734f1e70085b2889a91b0f85d2b20645e2dc287c7fd0039?s=96&d=mm&r=g\",\"caption\":\"Judith\"},\"description\":\"Amante de las motos desde peque\u00f1a. Entre rutas, charlas con otros moteros y motores que suenan bien, siempre hay algo nuevo que aprender\u00a0y\u00a0compartir.\",\"url\":\"https:\/\/maquinamotors.com\/blog\/author\/judith\/\"}]}<\/script>\n<!-- \/ Yoast SEO plugin. -->","yoast_head_json":{"title":"Las mejores rutas de Espa\u00f1a en moto - El Blog Maquina Motors","description":"Las mejores rutas de Espa\u00f1a en moto pasan por la Ruta v\u00eda de la plata, los Picos de europa, los pueblos negros de guadalajara...","robots":{"index":"index","follow":"follow","max-snippet":"max-snippet:-1","max-image-preview":"max-image-preview:large","max-video-preview":"max-video-preview:-1"},"canonical":"https:\/\/maquinamotors.com\/blog\/las-mejores-rutas-de-espana-en-moto\/","og_locale":"es_ES","og_type":"article","og_title":"Las mejores rutas de Espa\u00f1a en moto - El Blog Maquina Motors","og_description":"Las mejores rutas de Espa\u00f1a en moto pasan por la Ruta v\u00eda de la plata, los Picos de europa, los pueblos negros de guadalajara...","og_url":"https:\/\/maquinamotors.com\/blog\/las-mejores-rutas-de-espana-en-moto\/","og_site_name":"Maquina Motors","article_published_time":"2021-12-27T16:10:12+00:00","article_modified_time":"2025-12-30T15:31:04+00:00","og_image":[{"width":"2240","height":"1260","url":"https:\/\/maquinamotors.com\/blog\/wp-content\/uploads\/2021\/11\/Blanco-Marr\u00f3n-Foto-Camping-Fundamentos-Blog-Banner.png","type":"image\/png"}],"author":"Judith","twitter_card":"summary_large_image","twitter_misc":{"Escrito por":"Judith","Tiempo de lectura":"16 minutos"},"schema":{"@context":"https:\/\/schema.org","@graph":[{"@type":"WebSite","@id":"https:\/\/maquinamotors.com\/blog\/#website","url":"https:\/\/maquinamotors.com\/blog\/","name":"Maquina Motors","description":"Pasi\u00f3n por las motos desde 1978","potentialAction":[{"@type":"SearchAction","target":{"@type":"EntryPoint","urlTemplate":"https:\/\/maquinamotors.com\/blog\/?s={search_term_string}"},"query-input":"required name=search_term_string"}],"inLanguage":"es"},{"@type":"ImageObject","inLanguage":"es","@id":"https:\/\/maquinamotors.com\/blog\/las-mejores-rutas-de-espana-en-moto\/#primaryimage","url":"https:\/\/maquinamotors.com\/blog\/wp-content\/uploads\/2021\/11\/Blanco-Marr\u00f3n-Foto-Camping-Fundamentos-Blog-Banner.png","contentUrl":"https:\/\/maquinamotors.com\/blog\/wp-content\/uploads\/2021\/11\/Blanco-Marr\u00f3n-Foto-Camping-Fundamentos-Blog-Banner.png","width":"2240","height":"1260"},{"@type":"WebPage","@id":"https:\/\/maquinamotors.com\/blog\/las-mejores-rutas-de-espana-en-moto\/#webpage","url":"https:\/\/maquinamotors.com\/blog\/las-mejores-rutas-de-espana-en-moto\/","name":"Las mejores rutas de Espa\u00f1a en moto - El Blog Maquina Motors","isPartOf":{"@id":"https:\/\/maquinamotors.com\/blog\/#website"},"primaryImageOfPage":{"@id":"https:\/\/maquinamotors.com\/blog\/las-mejores-rutas-de-espana-en-moto\/#primaryimage"},"datePublished":"2021-12-27T16:10:12+00:00","dateModified":"2025-12-30T15:31:04+00:00","author":{"@id":"https:\/\/maquinamotors.com\/blog\/#\/schema\/person\/89eed1f278ed42f1d95ea5e539ef5a5d"},"description":"Las mejores rutas de Espa\u00f1a en moto pasan por la Ruta v\u00eda de la plata, los Picos de europa, los pueblos negros de guadalajara...","breadcrumb":{"@id":"https:\/\/maquinamotors.com\/blog\/las-mejores-rutas-de-espana-en-moto\/#breadcrumb"},"inLanguage":"es","potentialAction":[{"@type":"ReadAction","target":["https:\/\/maquinamotors.com\/blog\/las-mejores-rutas-de-espana-en-moto\/"]}]},{"@type":"BreadcrumbList","@id":"https:\/\/maquinamotors.com\/blog\/las-mejores-rutas-de-espana-en-moto\/#breadcrumb","itemListElement":[{"@type":"ListItem","position":1,"name":"Home","item":"https:\/\/maquinamotors.com\/blog\/"},{"@type":"ListItem","position":2,"name":"Las mejores rutas de Espa\u00f1a en moto"}]},{"@type":"Person","@id":"https:\/\/maquinamotors.com\/blog\/#\/schema\/person\/89eed1f278ed42f1d95ea5e539ef5a5d","name":"Judith","image":{"@type":"ImageObject","inLanguage":"es","@id":"https:\/\/maquinamotors.com\/blog\/#\/schema\/person\/image\/","url":"https:\/\/secure.gravatar.com\/avatar\/d62088ee4e4c8e7f0734f1e70085b2889a91b0f85d2b20645e2dc287c7fd0039?s=96&d=mm&r=g","contentUrl":"https:\/\/secure.gravatar.com\/avatar\/d62088ee4e4c8e7f0734f1e70085b2889a91b0f85d2b20645e2dc287c7fd0039?s=96&d=mm&r=g","caption":"Judith"},"description":"Amante de las motos desde peque\u00f1a. Entre rutas, charlas con otros moteros y motores que suenan bien, siempre hay algo nuevo que aprender\u00a0y\u00a0compartir.","url":"https:\/\/maquinamotors.com\/blog\/author\/judith\/"}]}},"_links":{"self":[{"href":"https:\/\/maquinamotors.com\/blog\/wp-json\/wp\/v2\/posts\/2457","targetHints":{"allow":["GET"]}}],"collection":[{"href":"https:\/\/maquinamotors.com\/blog\/wp-json\/wp\/v2\/posts"}],"about":[{"href":"https:\/\/maquinamotors.com\/blog\/wp-json\/wp\/v2\/types\/post"}],"author":[{"embeddable":true,"href":"https:\/\/maquinamotors.com\/blog\/wp-json\/wp\/v2\/users\/3"}],"replies":[{"embeddable":true,"href":"https:\/\/maquinamotors.com\/blog\/wp-json\/wp\/v2\/comments?post=2457"}],"version-history":[{"count":45,"href":"https:\/\/maquinamotors.com\/blog\/wp-json\/wp\/v2\/posts\/2457\/revisions"}],"predecessor-version":[{"id":3167,"href":"https:\/\/maquinamotors.com\/blog\/wp-json\/wp\/v2\/posts\/2457\/revisions\/3167"}],"wp:featuredmedia":[{"embeddable":true,"href":"https:\/\/maquinamotors.com\/blog\/wp-json\/wp\/v2\/media\/3040"}],"wp:attachment":[{"href":"https:\/\/maquinamotors.com\/blog\/wp-json\/wp\/v2\/media?parent=2457"}],"wp:term":[{"taxonomy":"category","embeddable":true,"href":"https:\/\/maquinamotors.com\/blog\/wp-json\/wp\/v2\/categories?post=2457"},{"taxonomy":"post_tag","embeddable":true,"href":"https:\/\/maquinamotors.com\/blog\/wp-json\/wp\/v2\/tags?post=2457"}],"curies":[{"name":"wp","href":"https:\/\/api.w.org\/{rel}","templated":true}]}}