{"id":1772,"date":"2020-09-29T07:23:25","date_gmt":"2020-09-29T07:23:25","guid":{"rendered":"http:\/\/maquinamotors.com\/blog\/?p=1772"},"modified":"2025-11-26T14:28:08","modified_gmt":"2025-11-26T14:28:08","slug":"que-autonomia-tiene-una-moto-electrica","status":"publish","type":"post","link":"https:\/\/maquinamotors.com\/blog\/que-autonomia-tiene-una-moto-electrica\/","title":{"rendered":"\u00bfQu\u00e9 autonom\u00eda tiene una moto el\u00e9ctrica?"},"content":{"rendered":"<p>&nbsp;<\/p>\n<p>A la hora de comprar una moto, hay que valorar multitud de aspectos. Y en este sentido, es fundamental tener claro el uso habitual que se le va a dar y las necesidades que vamos a necesitar cubrir con ella. Normalmente, los conductores m\u00e1s exigentes optar\u00e1n por modelos de combusti\u00f3n, pero es innegable que en los \u00faltimos a\u00f1os van ganando peso todos aquellos usuarios que se decantan por <strong>opciones m\u00e1s c\u00f3modas, econ\u00f3micas y sostenibles como las motos el\u00e9ctricas<\/strong>.<\/p>\n<p>En 2019 se vendieron cerca de 200.000 motos en Espa\u00f1a, <a href=\"https:\/\/movilidadelectrica.com\/mercado-de-la-moto-2019-resultados\/\"><strong>de las cuales 12.225 fueron motos el\u00e9ctricas<\/strong><\/a>. Esto supuso un incremento en las ventas de esta especialidad del 66,8 % respecto al a\u00f1o anterior, un dato realmente positivo que habla muy bien del estado de salud que presenta el sector. De hecho, las previsi\u00f3n es que durante 2020 siga creciendo la importancia de estos veh\u00edculos, gracias en gran medida al <strong>Plan Moves<\/strong> que el Gobierno de Espa\u00f1a anunci\u00f3 este verano.<\/p>\n<p><strong>La autonom\u00eda de las motos el\u00e9ctricas\u2026 \u00bfes realmente un problema?<\/strong><\/p>\n<p>Sin embargo, <a href=\"https:\/\/www.anesdor.com\/wp-content\/uploads\/2020\/02\/200115-Resumen-anual-2019.pdf\">la mayor\u00eda de conductores (94 de cada 100)<\/a> a\u00fan siguen apostando por los sistemas de combusti\u00f3n frente a las motos el\u00e9ctricas. Y entre las reticencias de los potenciales compradores hay un aspecto com\u00fan, el de la autonom\u00eda que presentan las bater\u00edas el\u00e9ctricas que vienen incluidas en la moto. Pues bien, a la hora de analizar este punto, <strong>es importante destacar que esta depende de cinco aspectos fundamentales<\/strong>: del modelo de moto, de la velocidad, del peso de la persona que la pilota, de la ruta o lugar por donde se vaya a desplazar y de la climatolog\u00eda.<\/p>\n<p>Y es que, m\u00e1s all\u00e1 de las prestaciones de f\u00e1brica del veh\u00edculos, no ser\u00e1 lo mismo que el conductor pese 70 kilos que 100, o que se mueva a una velocidad constante por carretera en un d\u00eda soleado o lo haga bajo los l\u00edmites de una ciudad y sobre un asfalto mojado. Aunque, en todo caso, es importante destacar que <strong>para la mayor\u00eda de marcas este es un aspecto muy importante<\/strong>, por lo que a la hora de desarrollar sus nuevos modelos de motos el\u00e9ctricas procuran darles la m\u00e1xima autonom\u00eda sin sacrificar otros aspectos.<\/p>\n<p>En cualquier caso, se podr\u00eda decir que <strong>el rango habitual de autonom\u00eda no baja de los 50 kil\u00f3metros<\/strong>, m\u00e1s que suficiente para trayectos cortos y para el d\u00eda a d\u00eda en ciudad. Y en determinados tipos de motos el\u00e9ctricas puede situarse <strong>por encima de los 100 kil\u00f3metros<\/strong>, aunque tampoco es lo m\u00e1s frecuente y, como hemos se\u00f1alado, depende mucho de los factores externos y de lo que se exija al propio veh\u00edculo durante la conducci\u00f3n.<\/p>\n<p>Por eso, a la hora de lanzarse a adquirir una de estas m\u00e1quinas, <strong>es recomendable informarse al respecto<\/strong>. Aunque todos aquellos que lo que buscan principalmente es una moto el\u00e9ctrica para moverse a diario y en viajes cortos, pueden estar m\u00e1s que tranquilos, porque las opciones que hay ahora mismo en el mercado podr\u00e1n dejarles totalmente satisfechos.<\/p>\n<p>De hecho, si t\u00fa eres uno de esos conductores, <a href=\"https:\/\/maquinamotors.com\/blog\/en-maquina-motors-nos-enchufamos-a-una-movilidad-urbana-sostenible-y-economica-ecooter\/\">nos complace anunciarte<\/a> que recientemente hemos llegado a un acuerdo con <strong>ECOOTER <\/strong>para distribuir de forma exclusiva sus motos el\u00e9ctricas. As\u00ed, gracias a su motor 100 % el\u00e9ctrico, podr\u00e1s cubrir todas tus necesidades de movilidad <strong>cuidando del Medio Ambiente<\/strong>, porque su bater\u00eda de carga f\u00e1cil brinda una <strong>autonom\u00eda de hasta 120 kil\u00f3metros <\/strong>y permite <strong>alcanzar velocidades de 80 km\/h<\/strong>. Todo ello con 0 % emisiones y con una disponibilidad de gama de tres colores distintos, para que elijas la que m\u00e1s te guste.<\/p>\n<p>As\u00ed que no lo dudes y <a href=\"https:\/\/maquinamotors.com\/motos-nuevas.html?brand=221&amp;model=&amp;m_year=\">\u00e9chale un vistazo aqu\u00ed<\/a> a los <strong>modelos ECOOTER<\/strong> que ponemos a tu disposici\u00f3n. \u00a1Una vez que pruebes una de sus motos el\u00e9ctricas no podr\u00e1s parar de conducirla!<\/p>\n<p>&nbsp;<\/p>\n","protected":false},"excerpt":{"rendered":"<p>&nbsp; A la hora de comprar una moto, hay que valorar multitud de aspectos. Y en este sentido, es fundamental tener claro el uso habitual que se le va a dar y las necesidades que vamos a necesitar cubrir con ella. Normalmente, los conductores m\u00e1s exigentes optar\u00e1n por modelos de combusti\u00f3n, pero es innegable que &hellip; <a href=\"https:\/\/maquinamotors.com\/blog\/que-autonomia-tiene-una-moto-electrica\/\" class=\"more-link\">Continuar leyendo<span class=\"screen-reader-text\"> \u00ab\u00bfQu\u00e9 autonom\u00eda tiene una moto el\u00e9ctrica?\u00bb<\/span><\/a><\/p>\n","protected":false},"author":3,"featured_media":1773,"comment_status":"open","ping_status":"open","sticky":false,"template":"","format":"standard","meta":{"footnotes":""},"categories":[510],"tags":[549,538,622],"class_list":["post-1772","post","type-post","status-publish","format-standard","has-post-thumbnail","hentry","category-actualidad","tag-electricas","tag-moves-iii","tag-movilidad-sostenible"],"yoast_head":"<!-- This site is optimized with the Yoast SEO plugin v19.2 - https:\/\/yoast.com\/wordpress\/plugins\/seo\/ -->\n<title>\u00bfQu\u00e9 autonom\u00eda tiene una moto el\u00e9ctrica? - Maquina Motors<\/title>\n<meta name=\"description\" content=\"La autonom\u00eda de las motos el\u00e9ctricas \u2026 \u00bfEs realmente un problema? En Maquina Motors analizamos este asunto en profundidad... \u00a1Sigue leyendo!\" \/>\n<meta name=\"robots\" content=\"index, follow, max-snippet:-1, max-image-preview:large, max-video-preview:-1\" \/>\n<link rel=\"canonical\" href=\"https:\/\/maquinamotors.com\/blog\/que-autonomia-tiene-una-moto-electrica\/\" \/>\n<meta property=\"og:locale\" content=\"es_ES\" \/>\n<meta property=\"og:type\" content=\"article\" \/>\n<meta property=\"og:title\" content=\"\u00bfQu\u00e9 autonom\u00eda tiene una moto el\u00e9ctrica? - Maquina Motors\" \/>\n<meta property=\"og:description\" content=\"La autonom\u00eda de las motos el\u00e9ctricas \u2026 \u00bfEs realmente un problema? En Maquina Motors analizamos este asunto en profundidad... \u00a1Sigue leyendo!\" \/>\n<meta property=\"og:url\" content=\"https:\/\/maquinamotors.com\/blog\/que-autonomia-tiene-una-moto-electrica\/\" \/>\n<meta property=\"og:site_name\" content=\"Maquina Motors\" \/>\n<meta property=\"article:published_time\" content=\"2020-09-29T07:23:25+00:00\" \/>\n<meta property=\"article:modified_time\" content=\"2025-11-26T14:28:08+00:00\" \/>\n<meta property=\"og:image\" content=\"https:\/\/maquinamotors.com\/blog\/wp-content\/uploads\/2020\/09\/blog.jpg\" \/>\n\t<meta property=\"og:image:width\" content=\"850\" \/>\n\t<meta property=\"og:image:height\" content=\"427\" \/>\n\t<meta property=\"og:image:type\" content=\"image\/jpeg\" \/>\n<meta name=\"author\" content=\"Judith\" \/>\n<meta name=\"twitter:card\" content=\"summary_large_image\" \/>\n<meta name=\"twitter:label1\" content=\"Escrito por\" \/>\n\t<meta name=\"twitter:data1\" content=\"Judith\" \/>\n\t<meta name=\"twitter:label2\" content=\"Tiempo de lectura\" \/>\n\t<meta name=\"twitter:data2\" content=\"3 minutos\" \/>\n<script type=\"application\/ld+json\" class=\"yoast-schema-graph\">{\"@context\":\"https:\/\/schema.org\",\"@graph\":[{\"@type\":\"WebSite\",\"@id\":\"https:\/\/maquinamotors.com\/blog\/#website\",\"url\":\"https:\/\/maquinamotors.com\/blog\/\",\"name\":\"Maquina Motors\",\"description\":\"Pasi\u00f3n por las motos desde 1978\",\"potentialAction\":[{\"@type\":\"SearchAction\",\"target\":{\"@type\":\"EntryPoint\",\"urlTemplate\":\"https:\/\/maquinamotors.com\/blog\/?s={search_term_string}\"},\"query-input\":\"required name=search_term_string\"}],\"inLanguage\":\"es\"},{\"@type\":\"ImageObject\",\"inLanguage\":\"es\",\"@id\":\"https:\/\/maquinamotors.com\/blog\/que-autonomia-tiene-una-moto-electrica\/#primaryimage\",\"url\":\"https:\/\/maquinamotors.com\/blog\/wp-content\/uploads\/2020\/09\/blog.jpg\",\"contentUrl\":\"https:\/\/maquinamotors.com\/blog\/wp-content\/uploads\/2020\/09\/blog.jpg\",\"width\":\"850\",\"height\":\"427\"},{\"@type\":\"WebPage\",\"@id\":\"https:\/\/maquinamotors.com\/blog\/que-autonomia-tiene-una-moto-electrica\/#webpage\",\"url\":\"https:\/\/maquinamotors.com\/blog\/que-autonomia-tiene-una-moto-electrica\/\",\"name\":\"\u00bfQu\u00e9 autonom\u00eda tiene una moto el\u00e9ctrica? - Maquina Motors\",\"isPartOf\":{\"@id\":\"https:\/\/maquinamotors.com\/blog\/#website\"},\"primaryImageOfPage\":{\"@id\":\"https:\/\/maquinamotors.com\/blog\/que-autonomia-tiene-una-moto-electrica\/#primaryimage\"},\"datePublished\":\"2020-09-29T07:23:25+00:00\",\"dateModified\":\"2025-11-26T14:28:08+00:00\",\"author\":{\"@id\":\"https:\/\/maquinamotors.com\/blog\/#\/schema\/person\/89eed1f278ed42f1d95ea5e539ef5a5d\"},\"description\":\"La autonom\u00eda de las motos el\u00e9ctricas \u2026 \u00bfEs realmente un problema? En Maquina Motors analizamos este asunto en profundidad... \u00a1Sigue leyendo!\",\"breadcrumb\":{\"@id\":\"https:\/\/maquinamotors.com\/blog\/que-autonomia-tiene-una-moto-electrica\/#breadcrumb\"},\"inLanguage\":\"es\",\"potentialAction\":[{\"@type\":\"ReadAction\",\"target\":[\"https:\/\/maquinamotors.com\/blog\/que-autonomia-tiene-una-moto-electrica\/\"]}]},{\"@type\":\"BreadcrumbList\",\"@id\":\"https:\/\/maquinamotors.com\/blog\/que-autonomia-tiene-una-moto-electrica\/#breadcrumb\",\"itemListElement\":[{\"@type\":\"ListItem\",\"position\":1,\"name\":\"Home\",\"item\":\"https:\/\/maquinamotors.com\/blog\/\"},{\"@type\":\"ListItem\",\"position\":2,\"name\":\"\u00bfQu\u00e9 autonom\u00eda tiene una moto el\u00e9ctrica?\"}]},{\"@type\":\"Person\",\"@id\":\"https:\/\/maquinamotors.com\/blog\/#\/schema\/person\/89eed1f278ed42f1d95ea5e539ef5a5d\",\"name\":\"Judith\",\"image\":{\"@type\":\"ImageObject\",\"inLanguage\":\"es\",\"@id\":\"https:\/\/maquinamotors.com\/blog\/#\/schema\/person\/image\/\",\"url\":\"https:\/\/secure.gravatar.com\/avatar\/d62088ee4e4c8e7f0734f1e70085b2889a91b0f85d2b20645e2dc287c7fd0039?s=96&d=mm&r=g\",\"contentUrl\":\"https:\/\/secure.gravatar.com\/avatar\/d62088ee4e4c8e7f0734f1e70085b2889a91b0f85d2b20645e2dc287c7fd0039?s=96&d=mm&r=g\",\"caption\":\"Judith\"},\"description\":\"Amante de las motos desde peque\u00f1a. Entre rutas, charlas con otros moteros y motores que suenan bien, siempre hay algo nuevo que aprender\u00a0y\u00a0compartir.\",\"url\":\"https:\/\/maquinamotors.com\/blog\/author\/judith\/\"}]}<\/script>\n<!-- \/ Yoast SEO plugin. -->","yoast_head_json":{"title":"\u00bfQu\u00e9 autonom\u00eda tiene una moto el\u00e9ctrica? - Maquina Motors","description":"La autonom\u00eda de las motos el\u00e9ctricas \u2026 \u00bfEs realmente un problema? En Maquina Motors analizamos este asunto en profundidad... \u00a1Sigue leyendo!","robots":{"index":"index","follow":"follow","max-snippet":"max-snippet:-1","max-image-preview":"max-image-preview:large","max-video-preview":"max-video-preview:-1"},"canonical":"https:\/\/maquinamotors.com\/blog\/que-autonomia-tiene-una-moto-electrica\/","og_locale":"es_ES","og_type":"article","og_title":"\u00bfQu\u00e9 autonom\u00eda tiene una moto el\u00e9ctrica? - Maquina Motors","og_description":"La autonom\u00eda de las motos el\u00e9ctricas \u2026 \u00bfEs realmente un problema? En Maquina Motors analizamos este asunto en profundidad... \u00a1Sigue leyendo!","og_url":"https:\/\/maquinamotors.com\/blog\/que-autonomia-tiene-una-moto-electrica\/","og_site_name":"Maquina Motors","article_published_time":"2020-09-29T07:23:25+00:00","article_modified_time":"2025-11-26T14:28:08+00:00","og_image":[{"width":"850","height":"427","url":"https:\/\/maquinamotors.com\/blog\/wp-content\/uploads\/2020\/09\/blog.jpg","type":"image\/jpeg"}],"author":"Judith","twitter_card":"summary_large_image","twitter_misc":{"Escrito por":"Judith","Tiempo de lectura":"3 minutos"},"schema":{"@context":"https:\/\/schema.org","@graph":[{"@type":"WebSite","@id":"https:\/\/maquinamotors.com\/blog\/#website","url":"https:\/\/maquinamotors.com\/blog\/","name":"Maquina Motors","description":"Pasi\u00f3n por las motos desde 1978","potentialAction":[{"@type":"SearchAction","target":{"@type":"EntryPoint","urlTemplate":"https:\/\/maquinamotors.com\/blog\/?s={search_term_string}"},"query-input":"required name=search_term_string"}],"inLanguage":"es"},{"@type":"ImageObject","inLanguage":"es","@id":"https:\/\/maquinamotors.com\/blog\/que-autonomia-tiene-una-moto-electrica\/#primaryimage","url":"https:\/\/maquinamotors.com\/blog\/wp-content\/uploads\/2020\/09\/blog.jpg","contentUrl":"https:\/\/maquinamotors.com\/blog\/wp-content\/uploads\/2020\/09\/blog.jpg","width":"850","height":"427"},{"@type":"WebPage","@id":"https:\/\/maquinamotors.com\/blog\/que-autonomia-tiene-una-moto-electrica\/#webpage","url":"https:\/\/maquinamotors.com\/blog\/que-autonomia-tiene-una-moto-electrica\/","name":"\u00bfQu\u00e9 autonom\u00eda tiene una moto el\u00e9ctrica? - Maquina Motors","isPartOf":{"@id":"https:\/\/maquinamotors.com\/blog\/#website"},"primaryImageOfPage":{"@id":"https:\/\/maquinamotors.com\/blog\/que-autonomia-tiene-una-moto-electrica\/#primaryimage"},"datePublished":"2020-09-29T07:23:25+00:00","dateModified":"2025-11-26T14:28:08+00:00","author":{"@id":"https:\/\/maquinamotors.com\/blog\/#\/schema\/person\/89eed1f278ed42f1d95ea5e539ef5a5d"},"description":"La autonom\u00eda de las motos el\u00e9ctricas \u2026 \u00bfEs realmente un problema? En Maquina Motors analizamos este asunto en profundidad... \u00a1Sigue leyendo!","breadcrumb":{"@id":"https:\/\/maquinamotors.com\/blog\/que-autonomia-tiene-una-moto-electrica\/#breadcrumb"},"inLanguage":"es","potentialAction":[{"@type":"ReadAction","target":["https:\/\/maquinamotors.com\/blog\/que-autonomia-tiene-una-moto-electrica\/"]}]},{"@type":"BreadcrumbList","@id":"https:\/\/maquinamotors.com\/blog\/que-autonomia-tiene-una-moto-electrica\/#breadcrumb","itemListElement":[{"@type":"ListItem","position":1,"name":"Home","item":"https:\/\/maquinamotors.com\/blog\/"},{"@type":"ListItem","position":2,"name":"\u00bfQu\u00e9 autonom\u00eda tiene una moto el\u00e9ctrica?"}]},{"@type":"Person","@id":"https:\/\/maquinamotors.com\/blog\/#\/schema\/person\/89eed1f278ed42f1d95ea5e539ef5a5d","name":"Judith","image":{"@type":"ImageObject","inLanguage":"es","@id":"https:\/\/maquinamotors.com\/blog\/#\/schema\/person\/image\/","url":"https:\/\/secure.gravatar.com\/avatar\/d62088ee4e4c8e7f0734f1e70085b2889a91b0f85d2b20645e2dc287c7fd0039?s=96&d=mm&r=g","contentUrl":"https:\/\/secure.gravatar.com\/avatar\/d62088ee4e4c8e7f0734f1e70085b2889a91b0f85d2b20645e2dc287c7fd0039?s=96&d=mm&r=g","caption":"Judith"},"description":"Amante de las motos desde peque\u00f1a. Entre rutas, charlas con otros moteros y motores que suenan bien, siempre hay algo nuevo que aprender\u00a0y\u00a0compartir.","url":"https:\/\/maquinamotors.com\/blog\/author\/judith\/"}]}},"_links":{"self":[{"href":"https:\/\/maquinamotors.com\/blog\/wp-json\/wp\/v2\/posts\/1772","targetHints":{"allow":["GET"]}}],"collection":[{"href":"https:\/\/maquinamotors.com\/blog\/wp-json\/wp\/v2\/posts"}],"about":[{"href":"https:\/\/maquinamotors.com\/blog\/wp-json\/wp\/v2\/types\/post"}],"author":[{"embeddable":true,"href":"https:\/\/maquinamotors.com\/blog\/wp-json\/wp\/v2\/users\/3"}],"replies":[{"embeddable":true,"href":"https:\/\/maquinamotors.com\/blog\/wp-json\/wp\/v2\/comments?post=1772"}],"version-history":[{"count":1,"href":"https:\/\/maquinamotors.com\/blog\/wp-json\/wp\/v2\/posts\/1772\/revisions"}],"predecessor-version":[{"id":1774,"href":"https:\/\/maquinamotors.com\/blog\/wp-json\/wp\/v2\/posts\/1772\/revisions\/1774"}],"wp:featuredmedia":[{"embeddable":true,"href":"https:\/\/maquinamotors.com\/blog\/wp-json\/wp\/v2\/media\/1773"}],"wp:attachment":[{"href":"https:\/\/maquinamotors.com\/blog\/wp-json\/wp\/v2\/media?parent=1772"}],"wp:term":[{"taxonomy":"category","embeddable":true,"href":"https:\/\/maquinamotors.com\/blog\/wp-json\/wp\/v2\/categories?post=1772"},{"taxonomy":"post_tag","embeddable":true,"href":"https:\/\/maquinamotors.com\/blog\/wp-json\/wp\/v2\/tags?post=1772"}],"curies":[{"name":"wp","href":"https:\/\/api.w.org\/{rel}","templated":true}]}}